{"id":11536,"date":"2023-08-23T13:07:42","date_gmt":"2023-08-23T16:07:42","guid":{"rendered":"https:\/\/www.visionweb.com.ar\/?p=11536"},"modified":"2023-08-23T13:07:42","modified_gmt":"2023-08-23T16:07:42","slug":"grindetti-pidio-que-se-convoque-a-los-jefes-comunales-a-un-comite-de-crisis","status":"publish","type":"post","link":"https:\/\/www.visionweb.com.ar\/?p=11536","title":{"rendered":"Grindetti pidi\u00f3 que se convoque a los jefes comunales a un comit\u00e9 de crisis"},"content":{"rendered":"<p><em><strong>Fue frente a los hechos estilo saqueos que se produjeron en los \u00faltimos d\u00edas en diversas localidades de la Provincia. \u201cNecesitamos salir de la pasividad y la negaci\u00f3n de manera urgente. Sin orden no hay libertad, ni progreso posible\u201d, dijo Grindetti.<\/strong><\/em><!--more--><\/p>\n<p><strong><img loading=\"lazy\" decoding=\"async\" class=\"size-medium wp-image-11537 alignright\" src=\"https:\/\/www.visionweb.com.ar\/wp-content\/uploads\/2023\/08\/a-grindetti-300x219.png\" alt=\"\" width=\"300\" height=\"219\" srcset=\"https:\/\/www.visionweb.com.ar\/wp-content\/uploads\/2023\/08\/a-grindetti-300x219.png 300w, https:\/\/www.visionweb.com.ar\/wp-content\/uploads\/2023\/08\/a-grindetti.png 499w\" sizes=\"auto, (max-width: 300px) 100vw, 300px\" \/>\u00a0\u00a0 E<\/strong>l intendente de Lan\u00fas y candidato a gobernador de Juntos por el Cambio, N\u00e9stor Grindetti, <strong>\u00a0reclam\u00f3 que se convoque a los jefes comunales a un comit\u00e9 de crisis frente a los saqueos<\/strong>\u00a0que se registraron en los \u00faltimos d\u00edas.<\/p>\n<p>El jefe comunal se refiri\u00f3 esta ma\u00f1ana a la multiplicidad de hechos delictivos en bandas al estilo saqueos que ocurrieron en la provincia de Buenos Aires y otros puntos del pa\u00eds, que genera temor y preocupaci\u00f3n en comerciantes y vecinos:\u00a0<strong>\u201cNo podemos vivir en el caos, no podemos vivir sin ley\u201d<\/strong>, advirti\u00f3.<\/p>\n<p>\u201cNecesitamos urgente que el gobierno provincial recupere el control ante los saqueos que est\u00e1n sucediendo. Por eso le pedimos al gobernador (Axel) Kicilloff y al ministro (Sergio) Berni que <strong>convoquen r\u00e1pidamente a un comit\u00e9 de crisis con los intendentes<\/strong>\u201d.<\/p>\n<p>En ese sentido, reclam\u00f3: \u201c<strong>Necesitamos salir de la pasividad y la negaci\u00f3n de manera urgente<\/strong>. Sin orden no hay libertad, ni progreso posible. La gente lo est\u00e1 pidiendo desesperadamente\u201d.<\/p>\n<p>El ministro de Seguridad de la Naci\u00f3n, An\u00edbal Fern\u00e1ndez, anunci\u00f3 que este mi\u00e9rcoles habr\u00e1 una reuni\u00f3n para crear un comando especial<strong>\u00a0en el Conurbano<\/strong>; mientras que su par bonaerense, Sergio Berni, inform\u00f3 sobre decenas de detenidos \u00a0por estos hechos, calificados como \u201crobo en poblado y en banda\u201d.<\/p>\n<p>Desde varios municipios emitieron comunicados similares y salieron a desmentir los saqueos, y\u00a0<strong>advirtieron sobre una \u201cintencionalidad pol\u00edtica\u201d\u00a0 de cara a las elecciones generales de octubre<\/strong>.<\/p>\n<p>Desde Quilmes, mediante un comunicado de prensa, indicaron: \u201cEl Municipio de Quilmes informa que, ante la difusi\u00f3n de mensajes y falsas noticias en redes sociales que pretenden alterar la paz social sobre supuestos saqueos en distintos centros comerciales, en Quilmes no se han producido episodios de esta \u00edndole\u201d.<\/p>\n<p>\u201cSin embargo, frente a la masividad de los mismos que tienen como \u00fanico objetivo alterar la paz social y generar paranoia entre las y los vecinos menos atentos a la veracidad o no de los mensajes difundidos, desde la comuna se dispuso tomar medidas al respecto. A trav\u00e9s de la Secretar\u00eda de Seguridad y Ordenamiento Urbano, y en conjunto con las fuerzas de seguridad nacionales y provinciales, puso a disposici\u00f3n todas sus herramientas de prevenci\u00f3n para trabajar en consecuencia y anticiparse a estos rumores que buscan generar desorden y caos en la poblaci\u00f3n\u201d, detall\u00f3 el texto. <strong>(VW)<\/strong><\/p>\n","protected":false},"excerpt":{"rendered":"<p>Fue frente a los hechos estilo saqueos que se produjeron en los \u00faltimos d\u00edas en diversas localidades de la Provincia. \u201cNecesitamos salir de la pasividad y la negaci\u00f3n de manera urgente. Sin orden no&#46;&#46;&#46;<\/p>\n","protected":false},"author":4,"featured_media":11537,"comment_status":"closed","ping_status":"closed","sticky":false,"template":"","format":"standard","meta":{"_monsterinsights_skip_tracking":false,"_monsterinsights_sitenote_active":false,"_monsterinsights_sitenote_note":"","_monsterinsights_sitenote_category":0,"footnotes":""},"categories":[4],"tags":[2970,18,264,4799],"class_list":["post-11536","post","type-post","status-publish","format-standard","has-post-thumbnail","hentry","category-politica","tag-comite-de-crisis","tag-grindetti","tag-intendentes","tag-saqueos"],"_links":{"self":[{"href":"https:\/\/www.visionweb.com.ar\/index.php?rest_route=\/wp\/v2\/posts\/11536","targetHints":{"allow":["GET"]}}],"collection":[{"href":"https:\/\/www.visionweb.com.ar\/index.php?rest_route=\/wp\/v2\/posts"}],"about":[{"href":"https:\/\/www.visionweb.com.ar\/index.php?rest_route=\/wp\/v2\/types\/post"}],"author":[{"embeddable":true,"href":"https:\/\/www.visionweb.com.ar\/index.php?rest_route=\/wp\/v2\/users\/4"}],"replies":[{"embeddable":true,"href":"https:\/\/www.visionweb.com.ar\/index.php?rest_route=%2Fwp%2Fv2%2Fcomments&post=11536"}],"version-history":[{"count":1,"href":"https:\/\/www.visionweb.com.ar\/index.php?rest_route=\/wp\/v2\/posts\/11536\/revisions"}],"predecessor-version":[{"id":11538,"href":"https:\/\/www.visionweb.com.ar\/index.php?rest_route=\/wp\/v2\/posts\/11536\/revisions\/11538"}],"wp:featuredmedia":[{"embeddable":true,"href":"https:\/\/www.visionweb.com.ar\/index.php?rest_route=\/wp\/v2\/media\/11537"}],"wp:attachment":[{"href":"https:\/\/www.visionweb.com.ar\/index.php?rest_route=%2Fwp%2Fv2%2Fmedia&parent=11536"}],"wp:term":[{"taxonomy":"category","embeddable":true,"href":"https:\/\/www.visionweb.com.ar\/index.php?rest_route=%2Fwp%2Fv2%2Fcategories&post=11536"},{"taxonomy":"post_tag","embeddable":true,"href":"https:\/\/www.visionweb.com.ar\/index.php?rest_route=%2Fwp%2Fv2%2Ftags&post=11536"}],"curies":[{"name":"wp","href":"https:\/\/api.w.org\/{rel}","templated":true}]}}