{"id":11504,"date":"2023-08-21T09:59:19","date_gmt":"2023-08-21T12:59:19","guid":{"rendered":"https:\/\/www.visionweb.com.ar\/?p=11504"},"modified":"2023-08-21T10:03:55","modified_gmt":"2023-08-21T13:03:55","slug":"el-ferrocarril-roca-hoy-tambien-mantiene-suspendido-el-servicio-de-trenes","status":"publish","type":"post","link":"https:\/\/www.visionweb.com.ar\/?p=11504","title":{"rendered":"El ferrocarril Roca hoy tambi\u00e9n mantiene suspendido el servicio de trenes"},"content":{"rendered":"<p><em><strong>El martes, con el primer servicio del d\u00eda, se estima que en forma paulatina se ir\u00e1 normsalizando.<\/strong><\/em>\u00a0 <!--more--><\/p>\n<p><strong><img loading=\"lazy\" decoding=\"async\" class=\"size-medium wp-image-6520 alignright\" src=\"https:\/\/www.visionweb.com.ar\/wp-content\/uploads\/2022\/07\/trenes-estacion-277x300.jpg\" alt=\"\" width=\"277\" height=\"300\" srcset=\"https:\/\/www.visionweb.com.ar\/wp-content\/uploads\/2022\/07\/trenes-estacion-277x300.jpg 277w, https:\/\/www.visionweb.com.ar\/wp-content\/uploads\/2022\/07\/trenes-estacion.jpg 500w\" sizes=\"auto, (max-width: 277px) 100vw, 277px\" \/>E<\/strong>l Ferrocarril Roca, este lunes, mantiene suspendido\u00a0 el servicio\u00a0 de trenes en todos sus ramales por diversas tareas t\u00e9cnicas que se realizan.<\/p>\n<p>Al igual que este domingo, d\u00eda en el que los ni\u00f1os y las ni\u00f1as celebraron su d\u00eda, <strong>no hubo trenes en la zona sur del Conurbano con <\/strong>\u00a0siete ramales se ven afectados, interrupci\u00f3n que\u00a0 contin\u00faa hoy.<\/p>\n<p>Trenes Argentinos inform\u00f3 que los servicios <span class=\"css-901oao css-16my406 r-poiln3 r-bcqeeo r-qvutc0\">continuar\u00e1n interrumpidos en los\u00a0<\/span><span class=\"css-901oao css-16my406 r-poiln3 r-bcqeeo r-qvutc0\"> Ramal Ezeiza Ramal A. Korn Ramal Bosques v\u00eda Temperley Ramal Ezeiza-Ca\u00f1uelas Ramal Bosques\u2013Guti\u00e9rrez Ramal Temperley\u2013Haedo Ramal A. Korn\u2013Chascom\u00fas.<\/span><\/p>\n<p>En tato que el servicio se encuentra limitado en el Ramal Bosques v\u00eda Quilmes: Constituci\u00f3n-Berazategui.<\/p>\n<p>De acuerdo a lo anunciado por la empresa ferroviaria las interrupciones fueron dispuestas para continuar con las tareas de mantenimiento que se viene realizado en la traza ferroviaria <strong>(VW)<\/strong>.<\/p>\n","protected":false},"excerpt":{"rendered":"<p>El martes, con el primer servicio del d\u00eda, se estima que en forma paulatina se ir\u00e1 normsalizando.\u00a0<\/p>\n","protected":false},"author":3,"featured_media":6520,"comment_status":"closed","ping_status":"closed","sticky":false,"template":"","format":"standard","meta":{"_monsterinsights_skip_tracking":false,"_monsterinsights_sitenote_active":false,"_monsterinsights_sitenote_note":"","_monsterinsights_sitenote_category":0,"footnotes":""},"categories":[8],"tags":[],"class_list":["post-11504","post","type-post","status-publish","format-standard","has-post-thumbnail","hentry","category-interes-general"],"_links":{"self":[{"href":"https:\/\/www.visionweb.com.ar\/index.php?rest_route=\/wp\/v2\/posts\/11504","targetHints":{"allow":["GET"]}}],"collection":[{"href":"https:\/\/www.visionweb.com.ar\/index.php?rest_route=\/wp\/v2\/posts"}],"about":[{"href":"https:\/\/www.visionweb.com.ar\/index.php?rest_route=\/wp\/v2\/types\/post"}],"author":[{"embeddable":true,"href":"https:\/\/www.visionweb.com.ar\/index.php?rest_route=\/wp\/v2\/users\/3"}],"replies":[{"embeddable":true,"href":"https:\/\/www.visionweb.com.ar\/index.php?rest_route=%2Fwp%2Fv2%2Fcomments&post=11504"}],"version-history":[{"count":3,"href":"https:\/\/www.visionweb.com.ar\/index.php?rest_route=\/wp\/v2\/posts\/11504\/revisions"}],"predecessor-version":[{"id":11507,"href":"https:\/\/www.visionweb.com.ar\/index.php?rest_route=\/wp\/v2\/posts\/11504\/revisions\/11507"}],"wp:featuredmedia":[{"embeddable":true,"href":"https:\/\/www.visionweb.com.ar\/index.php?rest_route=\/wp\/v2\/media\/6520"}],"wp:attachment":[{"href":"https:\/\/www.visionweb.com.ar\/index.php?rest_route=%2Fwp%2Fv2%2Fmedia&parent=11504"}],"wp:term":[{"taxonomy":"category","embeddable":true,"href":"https:\/\/www.visionweb.com.ar\/index.php?rest_route=%2Fwp%2Fv2%2Fcategories&post=11504"},{"taxonomy":"post_tag","embeddable":true,"href":"https:\/\/www.visionweb.com.ar\/index.php?rest_route=%2Fwp%2Fv2%2Ftags&post=11504"}],"curies":[{"name":"wp","href":"https:\/\/api.w.org\/{rel}","templated":true}]}}