{"id":11490,"date":"2023-08-18T09:29:36","date_gmt":"2023-08-18T12:29:36","guid":{"rendered":"https:\/\/www.visionweb.com.ar\/?p=11490"},"modified":"2023-08-18T09:29:36","modified_gmt":"2023-08-18T12:29:36","slug":"el-gobierno-congelo-el-precio-de-los-combustibles-hasta-el-31-de-octubre","status":"publish","type":"post","link":"https:\/\/www.visionweb.com.ar\/?p=11490","title":{"rendered":"El Gobierno congel\u00f3 el precio de los combustibles hasta el 31 de octubre"},"content":{"rendered":"<p><em><strong>Congel\u00f3 el pecio de los combustibles hasta el 31 de octubre. La decisi\u00f3n se tom\u00f3 luego de un reuni\u00f3n con los referentes de las petroleras que operan en el pa\u00eds .<\/strong><\/em><!--more--><\/p>\n<p><strong><img loading=\"lazy\" decoding=\"async\" class=\"size-medium wp-image-10309 alignright\" src=\"https:\/\/www.visionweb.com.ar\/wp-content\/uploads\/2023\/04\/COMBUSTIBLES-300x197.png\" alt=\"\" width=\"300\" height=\"197\" srcset=\"https:\/\/www.visionweb.com.ar\/wp-content\/uploads\/2023\/04\/COMBUSTIBLES-300x197.png 300w, https:\/\/www.visionweb.com.ar\/wp-content\/uploads\/2023\/04\/COMBUSTIBLES.png 640w\" sizes=\"auto, (max-width: 300px) 100vw, 300px\" \/>L<\/strong>a petrolera de bandera, YPF ajust\u00f3 desde anoche un 12,5 % el precio de los combustibles y,\u00a0 el ministerio de Econom\u00eda acord\u00f3 con la petroleras congelar los precios hasta el pr\u00f3ximo 31 de octubre.<\/p>\n<p>As\u00ed la compa\u00f1\u00eda estatal se alineo a las subas que ya hab\u00edan establecido Shell, Axion y Puma.<\/p>\n<p>La decisi\u00f3n surgi\u00f3 de una reuni\u00f3n que se concret\u00f3 a \u00faltima hora del jueves en el Ministerio de Econom\u00eda, junto a los principales referentes de las petroleras.<\/p>\n<p>Del encuentro encabezad por el ministro de Econom\u00eda, Sergio Massa y la Secretar\u00eda de Energ\u00eda Flavia Royon, participaron tambi\u00e9n una decena de referentes de las petroleras que operan en el pa\u00eds.<\/p>\n<p>Por el lado de las empresas asistieron <strong>Pablo Gonz\u00e1lez<\/strong>\u00a0y\u00a0<strong>Pablo Iuliano<\/strong>\u00a0de YPF,\u00a0<strong>Marcos Bulgheroni<\/strong>,\u00a0<strong>Adri\u00e1n Vila<\/strong>\u00a0de Pluspetrol,\u00a0<strong>Emilio Nadra<\/strong>\u00a0y\u00a0<strong>Rodrigo Fern\u00e1ndez Deleo<\/strong>\u00a0de CGC,\u00a0<strong>Francisco Villamil<\/strong>\u00a0de Vista,\u00a0<strong>Ricardo Markous<\/strong>\u00a0de Tecpetrol,\u00a0<strong>Santiago Patr\u00f3n Costas<\/strong>\u00a0de Pampa Energy y\u00a0<strong>Gustavo Scarini<\/strong>\u00a0de PCR.<\/p>\n<p>\u201cAgradezco a YPF que tom\u00f3 la decisi\u00f3n de<strong>\u00a0esperar un acuerdo general de la industria y refinadores para coordinar el aumento<\/strong>\u201c, dijo Massa con un tiro por elevaci\u00f3n para el resto de las petroleras, que el 15 de agosto apenas vencido el acuerdo de precios, remarcaron un 12,5% las naftas en forma unilateral.<\/p>\n<p>Al congelamiento de precios se le suman\u00a0<strong>beneficios fiscales para las compa\u00f1\u00edas<\/strong>\u00a0que podr\u00edan ser suspendidos en caso de que incumplan el acuerdo y\u00a0<strong>un sistema de denuncias en la Secretar\u00eda de Energ\u00eda<\/strong>.<\/p>\n<p>Luego de la devaluaci\u00f3n del lunes del 22%, Massa indic\u00f3 que una\u00a0<strong>parte del impacto de la devaluaci\u00f3n la asume el consumidor, una parte las empresas y una parte el Estado\u00a0<\/strong>resignando parte de los recursos que cobra en impuestos.<\/p>\n<p><strong>\u201cResignaci\u00f3n de impuestos, resignaci\u00f3n de utilidades y el \u00fanico aumento vigente es este con el que YPF se equilibrar\u00e1 con el resto de las empresas\u201d,<\/strong>\u00a0finaliz\u00f3.<\/p>\n<p>Tras el vencimiento del acuerdo de Precios Justos Combustibles el 15 de agosto, y la devaluaci\u00f3n del 22% del lunes post Paso, las petroleras Raizen<strong> (Shell) y Puma aumentaron el martes, seguidos por Axion y ahora completa el cuadro YPF(VW).<\/strong><\/p>\n<p>&nbsp;<\/p>\n","protected":false},"excerpt":{"rendered":"<p>Congel\u00f3 el pecio de los combustibles hasta el 31 de octubre. La decisi\u00f3n se tom\u00f3 luego de un reuni\u00f3n con los referentes de las petroleras que operan en el pa\u00eds .<\/p>\n","protected":false},"author":3,"featured_media":10309,"comment_status":"closed","ping_status":"closed","sticky":false,"template":"","format":"standard","meta":{"_monsterinsights_skip_tracking":false,"_monsterinsights_sitenote_active":false,"_monsterinsights_sitenote_note":"","_monsterinsights_sitenote_category":0,"footnotes":""},"categories":[6,8],"tags":[1804,4776,142,265],"class_list":["post-11490","post","type-post","status-publish","format-standard","has-post-thumbnail","hentry","category-economia","category-interes-general","tag-ajuste","tag-congelamiento","tag-naftas","tag-octubre"],"_links":{"self":[{"href":"https:\/\/www.visionweb.com.ar\/index.php?rest_route=\/wp\/v2\/posts\/11490","targetHints":{"allow":["GET"]}}],"collection":[{"href":"https:\/\/www.visionweb.com.ar\/index.php?rest_route=\/wp\/v2\/posts"}],"about":[{"href":"https:\/\/www.visionweb.com.ar\/index.php?rest_route=\/wp\/v2\/types\/post"}],"author":[{"embeddable":true,"href":"https:\/\/www.visionweb.com.ar\/index.php?rest_route=\/wp\/v2\/users\/3"}],"replies":[{"embeddable":true,"href":"https:\/\/www.visionweb.com.ar\/index.php?rest_route=%2Fwp%2Fv2%2Fcomments&post=11490"}],"version-history":[{"count":1,"href":"https:\/\/www.visionweb.com.ar\/index.php?rest_route=\/wp\/v2\/posts\/11490\/revisions"}],"predecessor-version":[{"id":11491,"href":"https:\/\/www.visionweb.com.ar\/index.php?rest_route=\/wp\/v2\/posts\/11490\/revisions\/11491"}],"wp:featuredmedia":[{"embeddable":true,"href":"https:\/\/www.visionweb.com.ar\/index.php?rest_route=\/wp\/v2\/media\/10309"}],"wp:attachment":[{"href":"https:\/\/www.visionweb.com.ar\/index.php?rest_route=%2Fwp%2Fv2%2Fmedia&parent=11490"}],"wp:term":[{"taxonomy":"category","embeddable":true,"href":"https:\/\/www.visionweb.com.ar\/index.php?rest_route=%2Fwp%2Fv2%2Fcategories&post=11490"},{"taxonomy":"post_tag","embeddable":true,"href":"https:\/\/www.visionweb.com.ar\/index.php?rest_route=%2Fwp%2Fv2%2Ftags&post=11490"}],"curies":[{"name":"wp","href":"https:\/\/api.w.org\/{rel}","templated":true}]}}