{"id":11486,"date":"2023-08-17T18:08:08","date_gmt":"2023-08-17T21:08:08","guid":{"rendered":"https:\/\/www.visionweb.com.ar\/?p=11486"},"modified":"2023-08-17T18:13:59","modified_gmt":"2023-08-17T21:13:59","slug":"precios-se-renueva-el-acuerdo-por-tres-meses","status":"publish","type":"post","link":"https:\/\/www.visionweb.com.ar\/?p=11486","title":{"rendered":"Precios: El Gobierno cierra acuerdo con las alimentarias por tres meses"},"content":{"rendered":"<p><em><strong>Con una pauta de ajuste mensual de 5 puntos porcentuales, el acuerdo regir\u00e1 hasta fines de octubre. Las alimentarias quer\u00edan 9% mensual de ajuste.<\/strong><\/em><!--more--><\/p>\n<p><strong><img loading=\"lazy\" decoding=\"async\" class=\"size-full wp-image-10722 alignright\" src=\"https:\/\/www.visionweb.com.ar\/wp-content\/uploads\/2023\/05\/precios-justos.png\" alt=\"\" width=\"210\" height=\"118\" \/>L<\/strong>a cartera de Econom\u00eda, anunci\u00f3 un nuevo acuerdo en el marco de\u00a0 a las empresas de consumo masivo que el programa Precios Justos se renueva con una pauta de incremento del 5% y quedar\u00e1 congelado por 90 d\u00edas.<\/p>\n<p>Las empresas hab\u00edan informado a los funcionarios del equipo de Sergio Massa, previo a la devaluaci\u00f3n del lunes, que para estar en equilibrio necesitaban un ajuste del 9%. Sin embargo, las cuentas del sector quedaron sin recepci\u00f3n.<\/p>\n<p>\u00abEstamos renovando los acuerdos de precios y estableciendo incrementos del 5% mensual por 90 d\u00edas\u00bb, dijo en una conferencia de prensa brindada en el Palacio de Hacienda, de la que no particip\u00f3 <strong>Sergio Massa<\/strong>.<\/p>\n<p>Tras la reuni\u00f3n en la sede de la AFIP \u201csaldr\u00eda en el Bolet\u00edn Oficial un decreto que establece beneficios para\u00a0 reducir el impacto de subas en los costos y compensar lo que no se puede actualizar de los precio\u201d, adelant\u00f3 uno de los asistentes.\u00a0Adem\u00e1s, adelant\u00f3 que anunciar\u00e1n alivios fiscales para las empresas.<\/p>\n<p>\u00abTeniendo en cuenta la variaci\u00f3n del tipo de cambio, somos conscientes de esa variaci\u00f3n y para no afectar la mesa de los argentinos y argentinas estamos estableciendo alivio fiscal a las empresas para que no trasladen el incremento del tipo de cambio al producto que consumen los ciudadanos\u00bb, a\u00f1adi\u00f3.<\/p>\n<p>Por otro lado, \u201cotro de los compromisos asumidos por el Gobierno es el de agilizar la disponibilidad de las SIRA (Sistema de Importaciones de la Rep\u00fablica Argentina) aprobadas, que sea menor a los 360 d\u00edas actuales\u201d.<\/p>\n<p>El martes a la noche en una conferencia de prensa Guillermo Michel, el titular de la Aduana y <strong>el flamante encargado de la mesa para negociar precios,<\/strong> hab\u00eda anticipado que estaban estableciendo \u201cmecanismos de alivio fiscal para las empresas para que no trasladen ese aumento al precio de los productos\u201d.<\/p>\n<p>Trascendi\u00f3 que a diferencia de otras instancias del programa de Precios Justos, el beneficio no era facilitar el acceso a divisas para importaci\u00f3n, sino una serie de beneficios fiscales como la exenci\u00f3n del impuesto PAIS para la importaci\u00f3n de bienes y servicios para quienes acepten formar parte del programa.<\/p>\n<p>Si bien la medida fue desplegada durante el encuentro, las empresas tienen previsto reuniones con sus equipos legales y financieros para entender al detalle la medida, sus alcances y beneficios.<\/p>\n<p>Por su parte, el Secretario de Comercio, Mat\u00edas Tombolini, explic\u00f3 que durante el d\u00eda \u00abhemos tenido reuniones con los grandes mayoristas y los supermercados\u00bb, pero tambi\u00e9n continuar\u00e1 el di\u00e1logo con las empresas para ir ampliando este acuerdo.<\/p>\n<p>La mesa de negociaci\u00f3n que se inici\u00f3 este martes incluy\u00f3 a supermercados y mayoristas y ayer fue con directivos de empresas de consumo masivo.<\/p>\n<p>\u201cTeniendo en cuenta la variaci\u00f3n del tipo de cambio, somos conscientes de esa variaci\u00f3n y para no afectar la mesa de los argentinos y argentinas estamos estableciendo alivio fiscal a las empresas para que no trasladen el incremento del tipo de cambio al producto que consumen los ciudadanos\u201d, reconoci\u00f3 Michel.<\/p>\n<p>Acompa\u00f1ado del titular de la secretar\u00eda de Comercio, Mat\u00edas Tombolini, el viceministro de Econom\u00eda, Gabriel Rubinstein, y el jefe de la AFIP, Carlos Castagneto, Michel tambi\u00e9n se refiri\u00f3 a la nueva mesa de negociaci\u00f3n, sobre la cual manifest\u00f3 que en los acuerdos se tendr\u00e1n en cuenta tanto \u201cla \u00f3ptica de comercio exterior como fiscal y de tributaci\u00f3n de cada empresa\u201d<strong>(VW)<\/strong>.<\/p>\n","protected":false},"excerpt":{"rendered":"<p>Con una pauta de ajuste mensual de 5 puntos porcentuales, el acuerdo regir\u00e1 hasta fines de octubre. Las alimentarias quer\u00edan 9% mensual de ajuste.<\/p>\n","protected":false},"author":3,"featured_media":10722,"comment_status":"closed","ping_status":"closed","sticky":false,"template":"","format":"standard","meta":{"_monsterinsights_skip_tracking":false,"_monsterinsights_sitenote_active":false,"_monsterinsights_sitenote_note":"","_monsterinsights_sitenote_category":0,"footnotes":""},"categories":[6,8],"tags":[380,4399,663,47],"class_list":["post-11486","post","type-post","status-publish","format-standard","has-post-thumbnail","hentry","category-economia","category-interes-general","tag-acuerdo","tag-consultas","tag-empresas","tag-precios"],"_links":{"self":[{"href":"https:\/\/www.visionweb.com.ar\/index.php?rest_route=\/wp\/v2\/posts\/11486","targetHints":{"allow":["GET"]}}],"collection":[{"href":"https:\/\/www.visionweb.com.ar\/index.php?rest_route=\/wp\/v2\/posts"}],"about":[{"href":"https:\/\/www.visionweb.com.ar\/index.php?rest_route=\/wp\/v2\/types\/post"}],"author":[{"embeddable":true,"href":"https:\/\/www.visionweb.com.ar\/index.php?rest_route=\/wp\/v2\/users\/3"}],"replies":[{"embeddable":true,"href":"https:\/\/www.visionweb.com.ar\/index.php?rest_route=%2Fwp%2Fv2%2Fcomments&post=11486"}],"version-history":[{"count":3,"href":"https:\/\/www.visionweb.com.ar\/index.php?rest_route=\/wp\/v2\/posts\/11486\/revisions"}],"predecessor-version":[{"id":11489,"href":"https:\/\/www.visionweb.com.ar\/index.php?rest_route=\/wp\/v2\/posts\/11486\/revisions\/11489"}],"wp:featuredmedia":[{"embeddable":true,"href":"https:\/\/www.visionweb.com.ar\/index.php?rest_route=\/wp\/v2\/media\/10722"}],"wp:attachment":[{"href":"https:\/\/www.visionweb.com.ar\/index.php?rest_route=%2Fwp%2Fv2%2Fmedia&parent=11486"}],"wp:term":[{"taxonomy":"category","embeddable":true,"href":"https:\/\/www.visionweb.com.ar\/index.php?rest_route=%2Fwp%2Fv2%2Fcategories&post=11486"},{"taxonomy":"post_tag","embeddable":true,"href":"https:\/\/www.visionweb.com.ar\/index.php?rest_route=%2Fwp%2Fv2%2Ftags&post=11486"}],"curies":[{"name":"wp","href":"https:\/\/api.w.org\/{rel}","templated":true}]}}