{"id":11476,"date":"2023-08-17T11:27:09","date_gmt":"2023-08-17T14:27:09","guid":{"rendered":"https:\/\/www.visionweb.com.ar\/?p=11476"},"modified":"2023-08-17T17:32:33","modified_gmt":"2023-08-17T20:32:33","slug":"massa-confirmo-que-seguira-en-economia-hasta-el-10-de-diciembre-y-habra-anuncios","status":"publish","type":"post","link":"https:\/\/www.visionweb.com.ar\/?p=11476","title":{"rendered":"Massa confirm\u00f3 que seguir\u00e1 en Econom\u00eda hasta el 10 de diciembre, y habr\u00e1 anuncios"},"content":{"rendered":"<p><em><strong>El ministro de Econom\u00eda confirm\u00f3 que habr\u00e1 una suma fija para trabajadores, aumento de la AUH y bono para jubilados. En una entrevista televisiva volvi\u00f3 a echar culpas: A Mauricio Macri, a la sequ\u00eda y al ex ministro Guzm\u00e1n.<\/strong><\/em><!--more--><\/p>\n<div id=\"attachment_11477\" style=\"width: 310px\" class=\"wp-caption alignright\"><img loading=\"lazy\" decoding=\"async\" aria-describedby=\"caption-attachment-11477\" class=\"wp-image-11477 size-medium\" src=\"https:\/\/www.visionweb.com.ar\/wp-content\/uploads\/2023\/08\/a-massa-300x183.png\" alt=\"\" width=\"300\" height=\"183\" srcset=\"https:\/\/www.visionweb.com.ar\/wp-content\/uploads\/2023\/08\/a-massa-300x183.png 300w, https:\/\/www.visionweb.com.ar\/wp-content\/uploads\/2023\/08\/a-massa.png 498w\" sizes=\"auto, (max-width: 300px) 100vw, 300px\" \/><p id=\"caption-attachment-11477\" class=\"wp-caption-text\"><em><strong>Sergio Massa, en su primera entrevista luego de las PASO. (Foto: TN)<\/strong><\/em><\/p><\/div>\n<p><strong><em>\u00a0 <\/em>E<\/strong>l ministro de Econom\u00eda y candidato a presidente por Uni\u00f3n por la Patria,<strong> Sergio Massa, <\/strong>confirm\u00f3 anoche que permanecer\u00e1 al frente del Palacio de Hacienda hasta el final del mandato del actual gobierno.<\/p>\n<p>Adem\u00e1s, adelant\u00f3 que pondr\u00e1 en marcha una <strong>suma fija<\/strong> para los trabajadores en blanco, una suba de la Asignaci\u00f3n Universal por Hijo (AUH) y un bono extra para jubilados y pensionados, con el objetivo de compensar el impacto de la suba de precios provocada por la devaluaci\u00f3n y la suba del d\u00f3lar blue, que hoy abri\u00f3 a $780.<\/p>\n<p>Massa asegur\u00f3: \u201c<strong>Me quedo hasta el 10 de diciembre<\/strong>\u201d, en el programa \u201cA Dos Voces\u201d en TN, y agreg\u00f3:\u00a0<strong>\u201cNunca suelto el tim\u00f3n en medio de una tormenta\u201d.<\/strong><\/p>\n<p>Massa confes\u00f3 que renunciar es \u201clo peor que podr\u00eda hacer, ser\u00eda hacerle mucho <strong>da\u00f1o a la estabilidad econ\u00f3mica argentina<\/strong>, que de por s\u00ed est\u00e1 afectada por\u00a0<strong>el pedido del Fondo Monetario Internacional (FMI)<\/strong>\u201d.<\/p>\n<p>Luego de un a\u00f1o de gesti\u00f3n en la cartera, y con respecto a la devaluaci\u00f3n, admiti\u00f3 que \u201ces un mecanismo inflacionario y a<strong>hora se ve agravado por un a\u00f1o en el que Argentina ten\u00eda muy mal armado el cronograma de vencimientos para el segundo semestre, (como consecuencia) de la negociaci\u00f3n del ministro que se fue (por Mart\u00edn Guzm\u00e1n), que huy\u00f3, y con el agravante de la sequ\u00eda<\/strong>\u201d.<\/p>\n<p>En referencia a su postura como candidato, remarc\u00f3 que\u00a0<strong>\u201cestos 10 d\u00edas, esta semana y la que viene, el Massa candidato no tiene lugar. Porque tiene que estar el Massa ministro ocup\u00e1ndose de los problemas\u201d<\/strong>.<\/p>\n<p>Massa anticip\u00f3 que habr\u00e1 aumentos en los salarios \u201c<strong>con suma fija, as\u00ed como tambi\u00e9n habr\u00e1 refuerzos en las asignaciones familiares, la Asignaci\u00f3n Universal por Hijo y el impacto en la canasta de jubilados\u201d.<\/strong><\/p>\n<p>Tambi\u00e9n, en continuidad con su pol\u00edtica, <strong>confirm\u00f3 que hubo un acuerdo de precios:\u00a0<\/strong>\u201cYa cerramos\u00a0<strong>un sendero de aumentos de precios del 5% en agosto, 5% en setiembre y 5% para octubre, para los pr\u00f3ximos tres meses<\/strong>, al tiempo que le bajamos impuestos para las empresas que acuerden estabilidad de precios para la gente\u201d.<\/p>\n<p><strong>En el marco de la fuerte suba del d\u00f3lar el Ministro expres\u00f3 que \u201cel tipo de cambio, el oficial queda establecido y estacionado hasta el 30 de octubre\u201d. \u201c$ 350 hoy, $ 350 ma\u00f1ana, $ 350 el 23 de setiembre y $ 350 el 24 de octubre<\/strong>\u201d resalt\u00f3 Massa.<\/p>\n<p>En su paso por los estudios de TN, destac\u00f3 que: \u00ab<strong>Desde ma\u00f1ana (por hoy) se van a conocer anuncios respecto a estabilidad de precios y situaciones de compensaci\u00f3n <\/strong>del da\u00f1o que la inflaci\u00f3n provoca en el bolsillo de la gente\u00bb. <strong>(VW)<\/strong><\/p>\n","protected":false},"excerpt":{"rendered":"<p>El ministro de Econom\u00eda confirm\u00f3 que habr\u00e1 una suma fija para trabajadores, aumento de la AUH y bono para jubilados. En una entrevista televisiva volvi\u00f3 a echar culpas: A Mauricio Macri, a la sequ\u00eda&#46;&#46;&#46;<\/p>\n","protected":false},"author":4,"featured_media":11477,"comment_status":"closed","ping_status":"closed","sticky":false,"template":"","format":"standard","meta":{"_monsterinsights_skip_tracking":false,"_monsterinsights_sitenote_active":false,"_monsterinsights_sitenote_note":"","_monsterinsights_sitenote_category":0,"footnotes":""},"categories":[6,4],"tags":[4771,1298,4772,3202,4770],"class_list":["post-11476","post","type-post","status-publish","format-standard","has-post-thumbnail","hentry","category-economia","category-politica","tag-anuncios-para-trabajadores","tag-dolar","tag-seguira-hasta-diciembre","tag-sergio-massa","tag-un-ano-de-gestion"],"_links":{"self":[{"href":"https:\/\/www.visionweb.com.ar\/index.php?rest_route=\/wp\/v2\/posts\/11476","targetHints":{"allow":["GET"]}}],"collection":[{"href":"https:\/\/www.visionweb.com.ar\/index.php?rest_route=\/wp\/v2\/posts"}],"about":[{"href":"https:\/\/www.visionweb.com.ar\/index.php?rest_route=\/wp\/v2\/types\/post"}],"author":[{"embeddable":true,"href":"https:\/\/www.visionweb.com.ar\/index.php?rest_route=\/wp\/v2\/users\/4"}],"replies":[{"embeddable":true,"href":"https:\/\/www.visionweb.com.ar\/index.php?rest_route=%2Fwp%2Fv2%2Fcomments&post=11476"}],"version-history":[{"count":3,"href":"https:\/\/www.visionweb.com.ar\/index.php?rest_route=\/wp\/v2\/posts\/11476\/revisions"}],"predecessor-version":[{"id":11485,"href":"https:\/\/www.visionweb.com.ar\/index.php?rest_route=\/wp\/v2\/posts\/11476\/revisions\/11485"}],"wp:featuredmedia":[{"embeddable":true,"href":"https:\/\/www.visionweb.com.ar\/index.php?rest_route=\/wp\/v2\/media\/11477"}],"wp:attachment":[{"href":"https:\/\/www.visionweb.com.ar\/index.php?rest_route=%2Fwp%2Fv2%2Fmedia&parent=11476"}],"wp:term":[{"taxonomy":"category","embeddable":true,"href":"https:\/\/www.visionweb.com.ar\/index.php?rest_route=%2Fwp%2Fv2%2Fcategories&post=11476"},{"taxonomy":"post_tag","embeddable":true,"href":"https:\/\/www.visionweb.com.ar\/index.php?rest_route=%2Fwp%2Fv2%2Ftags&post=11476"}],"curies":[{"name":"wp","href":"https:\/\/api.w.org\/{rel}","templated":true}]}}