{"id":11460,"date":"2023-08-16T07:36:25","date_gmt":"2023-08-16T10:36:25","guid":{"rendered":"https:\/\/www.visionweb.com.ar\/?p=11460"},"modified":"2023-08-16T07:36:25","modified_gmt":"2023-08-16T10:36:25","slug":"la-inflacion-de-julio-fue-de-63-segun-el-indec","status":"publish","type":"post","link":"https:\/\/www.visionweb.com.ar\/?p=11460","title":{"rendered":"La inflaci\u00f3n de julio fue de 6,3%, seg\u00fan el Indec"},"content":{"rendered":"<p><strong><em>Es el peor julio en 33 a\u00f1os. La inflaci\u00f3n de agosto ya corre y se espera que sea de dos d\u00edgitos. En agosto podr\u00eda alcanzar los dos d\u00edgitos.<\/em><\/strong><!--more--><\/p>\n<p><img loading=\"lazy\" decoding=\"async\" class=\"size-medium wp-image-9137 alignright\" src=\"https:\/\/www.visionweb.com.ar\/wp-content\/uploads\/2023\/01\/frutas-y-verduras-300x170.jpg\" alt=\"\" width=\"300\" height=\"170\" srcset=\"https:\/\/www.visionweb.com.ar\/wp-content\/uploads\/2023\/01\/frutas-y-verduras-300x170.jpg 300w, https:\/\/www.visionweb.com.ar\/wp-content\/uploads\/2023\/01\/frutas-y-verduras.bmp 504w\" sizes=\"auto, (max-width: 300px) 100vw, 300px\" \/>La Inflaci\u00f3n de julio en Argentina fue de 6,3% mensual levemente por encima del mes anterior (6% Jun-23), inform\u00f3 hoy el\u00a0<em>Instituto de Estad\u00edsticas y Censos.<\/em>\u00a0En perspectiva, es el peor julio de los \u00faltimos 33 a\u00f1os (Jul-90 con 10,8%) excluyendo a jul-22 con 7,4% .<\/p>\n<p><strong>\u201cEs un dato que naci\u00f3 viejo: hoy las miradas est\u00e1n puesta a la inflaci\u00f3n de dos d\u00edgitos que se espera para para agosto y septiembre\u201d,<\/strong> analiz\u00f3 la firma burs\u00e1til\u00a0<em>Criteria<\/em>. \u201cEs razonable pensar en 11% para agosto\u201d, agreg\u00f3<\/p>\n<p>En el informe se analiza que para\u00a0<strong>el mes pr\u00f3ximo van a impactar la devaluaci\u00f3n (22%), el aumento de las carnes, el aumento por servicios regulados (1,1%). Si es as\u00ed, \u00e9ste ser\u00eda el primer dato mensual de dos d\u00edgitos de los \u00faltimos 33 a\u00f1os (11% mar-91)\u201d.<\/strong><\/p>\n<p><em>Otros datos del Indec, analizados por Criteria son los siguiente<\/em><\/p>\n<p>\ud83d\udccc\u00a0<strong>Interanual de julio se ubic\u00f3 en 113,4% (dato m\u00e1s alto de la regi\u00f3n). En el a\u00f1o acumula un aumento del 60,2%<\/strong>.<\/p>\n<p>\ud83d\udccc Inflaci\u00f3n n\u00facleo de julio: constante, en 6,5% igual que el mes anterior. Interanual del 111,5%. En el a\u00f1o acumula una suba del 61,3%, por encima de la general.<\/p>\n<p>\ud83d\udccc Regulados: desacelerando con respecto al mes previo, 6,7% (vs. 7,2%). Interanual de 112,6%.<\/p>\n<p>\ud83d\udccc Estacionales: 5,1% (vs. 1,8% Jun-23) revirti\u00e9ndose la tendencia en frutas y verduras, junto con el alza caracter\u00edstica en turismo por el receso invernal. Interanual +124,7%.<\/p>\n<p>\ud83d\udccc Alimentos y bebidas en julio: +5,8%, acelerando con respecto al mes previo (4,1% junio). L\u00e1cteos (+7,8%) junto con Pan (7,4%) y Carnes (+3,1%), traccionaron al alza. Adem\u00e1s, frutas y verduras revirtieron la tendencia (ambos con var. positivas). Interanual del 116,3%. Acumulado: +64,5%, se sostiene por encima de la general.<\/p>\n<p>\ud83d\udccc Divisiones: nuevamente comunicaci\u00f3n (+12,2%) junto con recreaci\u00f3n y cultura (+11,2% producto del receso invernal) fueron las de mayor aumento. Por otro lado, prendas de vestir y calzado fue la de menor variaci\u00f3n (3%)<strong>(VW)<\/strong>.<\/p>\n","protected":false},"excerpt":{"rendered":"<p>Es el peor julio en 33 a\u00f1os. La inflaci\u00f3n de agosto ya corre y se espera que sea de dos d\u00edgitos. En agosto podr\u00eda alcanzar los dos d\u00edgitos.<\/p>\n","protected":false},"author":3,"featured_media":9137,"comment_status":"closed","ping_status":"closed","sticky":false,"template":"","format":"standard","meta":{"_monsterinsights_skip_tracking":false,"_monsterinsights_sitenote_active":false,"_monsterinsights_sitenote_note":"","_monsterinsights_sitenote_category":0,"footnotes":""},"categories":[6],"tags":[75,327,47,1082],"class_list":["post-11460","post","type-post","status-publish","format-standard","has-post-thumbnail","hentry","category-economia","tag-indec","tag-ipc","tag-precios","tag-servicios"],"_links":{"self":[{"href":"https:\/\/www.visionweb.com.ar\/index.php?rest_route=\/wp\/v2\/posts\/11460","targetHints":{"allow":["GET"]}}],"collection":[{"href":"https:\/\/www.visionweb.com.ar\/index.php?rest_route=\/wp\/v2\/posts"}],"about":[{"href":"https:\/\/www.visionweb.com.ar\/index.php?rest_route=\/wp\/v2\/types\/post"}],"author":[{"embeddable":true,"href":"https:\/\/www.visionweb.com.ar\/index.php?rest_route=\/wp\/v2\/users\/3"}],"replies":[{"embeddable":true,"href":"https:\/\/www.visionweb.com.ar\/index.php?rest_route=%2Fwp%2Fv2%2Fcomments&post=11460"}],"version-history":[{"count":1,"href":"https:\/\/www.visionweb.com.ar\/index.php?rest_route=\/wp\/v2\/posts\/11460\/revisions"}],"predecessor-version":[{"id":11461,"href":"https:\/\/www.visionweb.com.ar\/index.php?rest_route=\/wp\/v2\/posts\/11460\/revisions\/11461"}],"wp:featuredmedia":[{"embeddable":true,"href":"https:\/\/www.visionweb.com.ar\/index.php?rest_route=\/wp\/v2\/media\/9137"}],"wp:attachment":[{"href":"https:\/\/www.visionweb.com.ar\/index.php?rest_route=%2Fwp%2Fv2%2Fmedia&parent=11460"}],"wp:term":[{"taxonomy":"category","embeddable":true,"href":"https:\/\/www.visionweb.com.ar\/index.php?rest_route=%2Fwp%2Fv2%2Fcategories&post=11460"},{"taxonomy":"post_tag","embeddable":true,"href":"https:\/\/www.visionweb.com.ar\/index.php?rest_route=%2Fwp%2Fv2%2Ftags&post=11460"}],"curies":[{"name":"wp","href":"https:\/\/api.w.org\/{rel}","templated":true}]}}