{"id":11456,"date":"2023-08-15T20:30:17","date_gmt":"2023-08-15T23:30:17","guid":{"rendered":"https:\/\/www.visionweb.com.ar\/?p=11456"},"modified":"2023-08-15T20:30:44","modified_gmt":"2023-08-15T23:30:44","slug":"agricultura-asegura-que-no-se-suspenderan-las-exportaciones-de-carne","status":"publish","type":"post","link":"https:\/\/www.visionweb.com.ar\/?p=11456","title":{"rendered":"Agricultura asegura que no se suspender\u00e1n las exportaciones de carne"},"content":{"rendered":"<p><em><strong>\u00a0Seg\u00fan la C\u00e1mara de la Industria y el Comercio de Carnes y Derivados de la Rep\u00fablica Argentina (CICCRA), el pa\u00eds concret\u00f3 en el primer semestre del a\u00f1o exportaciones de carnes por 1.374,6 millones de d\u00f3lares, con una ca\u00edda interanual del 22,7 %.<\/strong><\/em><!--more--><\/p>\n<div id=\"attachment_9607\" style=\"width: 310px\" class=\"wp-caption alignright\"><img loading=\"lazy\" decoding=\"async\" aria-describedby=\"caption-attachment-9607\" class=\"wp-image-9607 size-medium\" src=\"https:\/\/www.visionweb.com.ar\/wp-content\/uploads\/2023\/02\/carnes-300x189.jpg\" alt=\"\" width=\"300\" height=\"189\" srcset=\"https:\/\/www.visionweb.com.ar\/wp-content\/uploads\/2023\/02\/carnes-300x189.jpg 300w, https:\/\/www.visionweb.com.ar\/wp-content\/uploads\/2023\/02\/carnes.bmp 592w\" sizes=\"auto, (max-width: 300px) 100vw, 300px\" \/><p id=\"caption-attachment-9607\" class=\"wp-caption-text\"><em><strong>El Gobierno neg\u00f3 que se cierren las exportaciones de carne vacuna<\/strong><\/em><\/p><\/div>\n<p id=\"primero\"><strong>E<\/strong>l secretario de Agricultura de Argentina, Juan Jos\u00e9 Bahillo, neg\u00f3 esta tarde que se hayan suspendido las exportaciones de carnes, poco despu\u00e9s que desde la Aduana se informara de un cierre temporal para negociar precios dom\u00e9sticos con los frigor\u00edficos.<\/p>\n<p>\u201cDesde el Ministerio de Econom\u00eda estamos negociando los precios de carnes para el mercado interno y no hay suspensiones a la exportaci\u00f3n de carnes\u201d, afirm\u00f3 Bahillo en su cuenta en Twitter.<\/p>\n<p>\u201cNuestra responsabilidad como funcionarios p\u00fablicos es llevar certidumbre a los sectores productivos y tranquilidad a la gente\u201d, a\u00f1adi\u00f3 sin dar m\u00e1s detalles.<\/p>\n<p>Desde la Secretar\u00eda de Agricultura, que depende del Ministerio de Econom\u00eda, la cartera que preside Sergio Massa, ahora candidato a la presidencia por el oficialismo, no se dio conocer, al menos desde la oficina de prensa imforaci\u00f3n referida a esa decisi\u00f3n, que se conoci\u00f3 en horas del medio d\u00eda.<\/p>\n<p>Bahillo hizo estos comentarios poco despu\u00e9s de que la Aduana informara sobre la decisi\u00f3n de suspender por 15 d\u00edas las exportaciones de carnes a la espera de un acuerdo de precios para el mercado dom\u00e9stico con los frigor\u00edficos.<\/p>\n<p>La Secretar\u00eda de Agricultura, Ganader\u00eda y Pesca depende del Ministerio de Econom\u00eda, al igual que la Aduana, cuyo titular, Guillermo Michel, designado este lunes por Massa para negociar acuerdos de precios con empresas de diversos sectores en un contexto de elevada inflaci\u00f3n, que se teme que se acelere a\u00fan m\u00e1s tras la devaluaci\u00f3n oficial del 22,5 % del peso argentino de este lunes.<\/p>\n<p>S\u00ed se supo que en la tarde se levaba adelante una reuni\u00f3n entre Bahillo y Mario Ravettino, presidente del Consorcio de Exportadores de Carnes Argentinas (ABC), que re\u00fane a los principales frigor\u00edficos exportadores, trascendi\u00f3 de fuentes oficiales.<\/p>\n<p>\u201cEstamos trabajando con el sector en un acuerdo de volumen y precios para el abastecimiento en el mercado dom\u00e9stico y sostener las exportaciones\u201d, coment\u00f3 Michel, director general de Aduanas, tras esa reuni\u00f3n.<\/p>\n<p>Argentina es uno de los mayores consumidores mundiales de carne vacuna por habitante, con 50,8 kilos anuales, y, a su vez, es el cuarto productor y el tercer exportador mundial del producto, seg\u00fan los datos m\u00e1s recientes del Departamento de Agricultura de los Estados Unidos.<\/p>\n<p>De acuerdo a datos de la C\u00e1mara de la Industria y el Comercio de Carnes y Derivados de la Rep\u00fablica Argentina, el pa\u00eds concret\u00f3 en el primer semestre del a\u00f1o exportaciones de carnes por 1.374,6 millones de d\u00f3lares, con una ca\u00edda interanual del 22,7 % producto de la fuerte contracci\u00f3n que registraron los precios pagados en los principales mercados de destino.<\/p>\n<p>El 79 % del total exportado por la industria frigor\u00edfica vacuna local tiene como destino China.<\/p>\n<p>Respecto al mercado dom\u00e9stico, seg\u00fan fuentes del mercado, el precio promedio del kilo de ganado en pie\u00a0 comercializado en el mercado bonaerense de Ca\u00f1uelas registr\u00f3 en julio \u00faltimo un salto de 16,8 % con relaci\u00f3n a junio y un avance interanual del 68,3 %<strong> (VW)<\/strong><\/p>\n<p><strong>Con datos propios y de la agencia EFE<\/strong><\/p>\n<p>&nbsp;<\/p>\n","protected":false},"excerpt":{"rendered":"<p>\u00a0Seg\u00fan la C\u00e1mara de la Industria y el Comercio de Carnes y Derivados de la Rep\u00fablica Argentina (CICCRA), el pa\u00eds concret\u00f3 en el primer semestre del a\u00f1o exportaciones de carnes por 1.374,6 millones de&#46;&#46;&#46;<\/p>\n","protected":false},"author":3,"featured_media":9607,"comment_status":"closed","ping_status":"closed","sticky":false,"template":"","format":"standard","meta":{"_monsterinsights_skip_tracking":false,"_monsterinsights_sitenote_active":false,"_monsterinsights_sitenote_note":"","_monsterinsights_sitenote_category":0,"footnotes":""},"categories":[6],"tags":[3568,357,286],"class_list":["post-11456","post","type-post","status-publish","format-standard","has-post-thumbnail","hentry","category-economia","tag-agricultura","tag-carnes","tag-exportaciones"],"_links":{"self":[{"href":"https:\/\/www.visionweb.com.ar\/index.php?rest_route=\/wp\/v2\/posts\/11456","targetHints":{"allow":["GET"]}}],"collection":[{"href":"https:\/\/www.visionweb.com.ar\/index.php?rest_route=\/wp\/v2\/posts"}],"about":[{"href":"https:\/\/www.visionweb.com.ar\/index.php?rest_route=\/wp\/v2\/types\/post"}],"author":[{"embeddable":true,"href":"https:\/\/www.visionweb.com.ar\/index.php?rest_route=\/wp\/v2\/users\/3"}],"replies":[{"embeddable":true,"href":"https:\/\/www.visionweb.com.ar\/index.php?rest_route=%2Fwp%2Fv2%2Fcomments&post=11456"}],"version-history":[{"count":2,"href":"https:\/\/www.visionweb.com.ar\/index.php?rest_route=\/wp\/v2\/posts\/11456\/revisions"}],"predecessor-version":[{"id":11458,"href":"https:\/\/www.visionweb.com.ar\/index.php?rest_route=\/wp\/v2\/posts\/11456\/revisions\/11458"}],"wp:featuredmedia":[{"embeddable":true,"href":"https:\/\/www.visionweb.com.ar\/index.php?rest_route=\/wp\/v2\/media\/9607"}],"wp:attachment":[{"href":"https:\/\/www.visionweb.com.ar\/index.php?rest_route=%2Fwp%2Fv2%2Fmedia&parent=11456"}],"wp:term":[{"taxonomy":"category","embeddable":true,"href":"https:\/\/www.visionweb.com.ar\/index.php?rest_route=%2Fwp%2Fv2%2Fcategories&post=11456"},{"taxonomy":"post_tag","embeddable":true,"href":"https:\/\/www.visionweb.com.ar\/index.php?rest_route=%2Fwp%2Fv2%2Ftags&post=11456"}],"curies":[{"name":"wp","href":"https:\/\/api.w.org\/{rel}","templated":true}]}}