{"id":11447,"date":"2023-08-15T14:31:42","date_gmt":"2023-08-15T17:31:42","guid":{"rendered":"https:\/\/www.visionweb.com.ar\/?p=11447"},"modified":"2023-08-15T14:31:42","modified_gmt":"2023-08-15T17:31:42","slug":"lomas-la-cuota-alimentaria-de-un-juicio-por-alimentos-fue-determinada-por-la-canasta-de-crianza-del-indec","status":"publish","type":"post","link":"https:\/\/www.visionweb.com.ar\/?p=11447","title":{"rendered":"Lomas: La cuota alimentaria de un juicio por alimentos fue determinada por la canasta de crianza del Indec"},"content":{"rendered":"<p><em><strong>Se trata de un fallo de una jueza que aplica por primera la canasta de crianza en un juicio de alimentos. <\/strong><\/em><!--more--><\/p>\n<p><strong><img loading=\"lazy\" decoding=\"async\" class=\"size-medium wp-image-11448 alignright\" src=\"https:\/\/www.visionweb.com.ar\/wp-content\/uploads\/2023\/08\/alimentos-juicios-300x171.png\" alt=\"\" width=\"300\" height=\"171\" srcset=\"https:\/\/www.visionweb.com.ar\/wp-content\/uploads\/2023\/08\/alimentos-juicios-300x171.png 300w, https:\/\/www.visionweb.com.ar\/wp-content\/uploads\/2023\/08\/alimentos-juicios.png 415w\" sizes=\"auto, (max-width: 300px) 100vw, 300px\" \/>\u00a0 L<\/strong>a jueza de Familia del Departamento Judicial de Lomas de Zamora,\u00a0<strong>Bel\u00e9n Loguercio\u00a0<\/strong>dict\u00f3 una resoluci\u00f3n en el marco del inicio de un juicio de alimentos, y<strong> utiliz\u00f3 por primera vez la canasta de que revel\u00f3 el INDEC el 7 de julio, y que fija el piso m\u00ednimo del costo de crianza en Argentina.<\/strong><\/p>\n<p>De este modo, Loguercio se convierte en la primera magistrada en disponer una sentencia basada en este indicador estrenado en julio.<\/p>\n<p>El fallo dispone: \u201cF\u00edjese\u00a0<strong>cuota alimentaria provisoria, en el equivalente al 50 por ciento de la canasta de crianza fijada por el Instituto Nacional de Estad\u00edstica y Censos (INDEC)<\/strong>\u00a0para la franja etaria de 6 a 12 a\u00f1os\u201d.<\/p>\n<p>La jueza\u00a0<strong>subray\u00f3 <\/strong>que \u201chay un gran debate en materia de alimentos y de violencia econ\u00f3mica en contra de las ni\u00f1eces\u201d.<\/p>\n<p>A la vez agreg\u00f3 que: \u201cEl \u00edndice de crianza<strong>\u00a0fija un valor econ\u00f3mico que significa hoy por hoy criar a un hijo dentro de condiciones b\u00e1sicas humanamente saludables<\/strong>. Antes exist\u00edan sentencias que fijaban alimentos en un valor de 9 o 10 mi pesos, y que no llegaban a cubrir las necesidades de m\u00ednimas de alimentaci\u00f3n, salud y esparcimiento de los chicos\u201d, explic\u00f3 Loguercio.<\/p>\n<p>La jueza, record\u00f3 que el tema\u00a0<strong>se debati\u00f3 \u201cmucho\u201d en su juzgado y que antes de la feria judicial ya ten\u00edan elaborada la resoluci\u00f3n.<\/strong><\/p>\n<p>\u201cMe parece que es bueno que se haya generado un debate porque el \u00edndice de crianza tiene muchas cosas para seguir construyendo y\u00a0<strong>pone sobre la mesa algo que a los jueces nos preocupaba mucho que era la falta de pautas para fijar cuotas alimentarias.\u00a0<\/strong>Tener este \u00edndice fija un piso sobre el cual debatir\u201d, consider\u00f3.<\/p>\n<p>Cabe mencionar que el valor fijado por el INDEC\u00a0<strong>en mayo fue de $98.339 para los menores de un a\u00f1o, de $116.050 para los ni\u00f1os de entre uno y tres a\u00f1os, de $93.204 para los de entre cuatro y cinco a\u00f1os y de $88.659 entre seis y 12 a\u00f1os.<\/strong><\/p>\n<p>Este indicador releva, por un lado,<strong>\u00a0los costos mensuales de los Bienes y Servicios esenciales para la protecci\u00f3n de los grupos etarios menores de edad y, tambi\u00e9n ,el costo mensual del cuidado,\u00a0<\/strong>que es el tiempo requerido de protecci\u00f3n y atenci\u00f3n para cada uno de los tramos de edad.<\/p>\n<p>La resoluci\u00f3n de Loguercio\u00a0<strong>decret\u00f3 los alimentos de manera provisoria, hasta tanto se fijen los definitivos<\/strong>. \u201cSi bien el proceso de alimentos se caracteriza por su celeridad en virtud del derecho que busca satisfacer, ello no implica que\u00a0<strong>la espera hasta el dictado de la sentencia definitiva no insuma cierto tiempo resultando en una clara desproporci\u00f3n de la parte m\u00e1s vulnerable<\/strong>\u201d, detall\u00f3. <strong>(VW)<\/strong><\/p>\n","protected":false},"excerpt":{"rendered":"<p>Se trata de un fallo de una jueza que aplica por primera la canasta de crianza en un juicio de alimentos.<\/p>\n","protected":false},"author":4,"featured_media":11448,"comment_status":"closed","ping_status":"closed","sticky":false,"template":"","format":"standard","meta":{"_monsterinsights_skip_tracking":false,"_monsterinsights_sitenote_active":false,"_monsterinsights_sitenote_note":"","_monsterinsights_sitenote_category":0,"footnotes":""},"categories":[8,5],"tags":[4766,4765,4767,318],"class_list":["post-11447","post","type-post","status-publish","format-standard","has-post-thumbnail","hentry","category-interes-general","category-sociedad","tag-canasta-de-crianza","tag-fallo-jucio-por-alimentos","tag-loguercio","tag-lomas-de-zamora"],"_links":{"self":[{"href":"https:\/\/www.visionweb.com.ar\/index.php?rest_route=\/wp\/v2\/posts\/11447","targetHints":{"allow":["GET"]}}],"collection":[{"href":"https:\/\/www.visionweb.com.ar\/index.php?rest_route=\/wp\/v2\/posts"}],"about":[{"href":"https:\/\/www.visionweb.com.ar\/index.php?rest_route=\/wp\/v2\/types\/post"}],"author":[{"embeddable":true,"href":"https:\/\/www.visionweb.com.ar\/index.php?rest_route=\/wp\/v2\/users\/4"}],"replies":[{"embeddable":true,"href":"https:\/\/www.visionweb.com.ar\/index.php?rest_route=%2Fwp%2Fv2%2Fcomments&post=11447"}],"version-history":[{"count":1,"href":"https:\/\/www.visionweb.com.ar\/index.php?rest_route=\/wp\/v2\/posts\/11447\/revisions"}],"predecessor-version":[{"id":11449,"href":"https:\/\/www.visionweb.com.ar\/index.php?rest_route=\/wp\/v2\/posts\/11447\/revisions\/11449"}],"wp:featuredmedia":[{"embeddable":true,"href":"https:\/\/www.visionweb.com.ar\/index.php?rest_route=\/wp\/v2\/media\/11448"}],"wp:attachment":[{"href":"https:\/\/www.visionweb.com.ar\/index.php?rest_route=%2Fwp%2Fv2%2Fmedia&parent=11447"}],"wp:term":[{"taxonomy":"category","embeddable":true,"href":"https:\/\/www.visionweb.com.ar\/index.php?rest_route=%2Fwp%2Fv2%2Fcategories&post=11447"},{"taxonomy":"post_tag","embeddable":true,"href":"https:\/\/www.visionweb.com.ar\/index.php?rest_route=%2Fwp%2Fv2%2Ftags&post=11447"}],"curies":[{"name":"wp","href":"https:\/\/api.w.org\/{rel}","templated":true}]}}