{"id":11443,"date":"2023-08-15T14:16:29","date_gmt":"2023-08-15T17:16:29","guid":{"rendered":"https:\/\/www.visionweb.com.ar\/?p=11443"},"modified":"2023-08-15T14:17:55","modified_gmt":"2023-08-15T17:17:55","slug":"el-gobierno-suspendio-la-exportacion-de-carne-vacuna-por-15-dias","status":"publish","type":"post","link":"https:\/\/www.visionweb.com.ar\/?p=11443","title":{"rendered":"El Gobierno suspendi\u00f3 la exportaci\u00f3n de carne vacuna por 15 d\u00edas"},"content":{"rendered":"<p><strong><em>Ser\u00eda mientras se negocia el nuevo programa Precios Justos con los frigor\u00edficos exportadores.Busca negociar con los frigor\u00edficos un nuevo acuerdo de precios.<\/em><\/strong><!--more--><\/p>\n<p class=\"\"><strong><img loading=\"lazy\" decoding=\"async\" class=\"size-medium wp-image-848 alignright\" src=\"https:\/\/www.visionweb.com.ar\/wp-content\/uploads\/2021\/02\/CORTES-DE-CARNE-300x156.png\" alt=\"\" width=\"300\" height=\"156\" srcset=\"https:\/\/www.visionweb.com.ar\/wp-content\/uploads\/2021\/02\/CORTES-DE-CARNE-300x156.png 300w, https:\/\/www.visionweb.com.ar\/wp-content\/uploads\/2021\/02\/CORTES-DE-CARNE-768x399.png 768w, https:\/\/www.visionweb.com.ar\/wp-content\/uploads\/2021\/02\/CORTES-DE-CARNE.png 800w\" sizes=\"auto, (max-width: 300px) 100vw, 300px\" \/>E<\/strong>n el marco de la disparada del d\u00f3lar informal -que hoy super\u00f3 los 700 pesos- tras el triunfo de Javier Milei en las elecciones Paso, y anticipando un salto de la inflaci\u00f3n de este mes, el Gobierno argentino decidi\u00f3 suspender por 15 d\u00edas las exportaciones de carne vacuna.<\/p>\n<p>La informaci\u00f3n la dio C5N. \u201cEs a la espera de un acuerdo con el Consorcio de Frigor\u00edficos. Se est\u00e1 renegociando para extender Precios Justos y tambi\u00e9n el programa de cortes a precios populares\u201d, se explic\u00f3 en la web del canal.<\/p>\n<p><strong>El acuerdo a negociar es con el Consorcio ABC, la c\u00e1mara que agrupa a los frigor\u00edficos exportadores. Anteriormente \u00e9stos se compromet\u00edan a no exportar los 7 cortes m\u00e1s populares en el mercado interno<\/strong>: asado, nalga, matambre, vac\u00edo, falda, paleta y tapa de asado, que eran ofrecidos a los grandes supermercados a un precio fijado con el Gobierno y que despu\u00e9s eran los cortes que serv\u00edan para medir el \u00cdndice de Precios al Consumidor en el rubro de la carne vacuna.<\/p>\n<p>La medida se produce en momentos en que los precios de la hacienda, que ven\u00edan muy retrasados respecto del \u00edndice de inflaci\u00f3n, se estaban recuperando seg\u00fan las estad\u00edsticas de los \u00faltimos remates y del \u00edndice novillo que publica diariamente el Mercado Agro Ganadero de Ca\u00f1uelas<strong>(NAP\/VW)<\/strong>.<\/p>\n","protected":false},"excerpt":{"rendered":"<p>Ser\u00eda mientras se negocia el nuevo programa Precios Justos con los frigor\u00edficos exportadores.Busca negociar con los frigor\u00edficos un nuevo acuerdo de precios.<\/p>\n","protected":false},"author":3,"featured_media":848,"comment_status":"closed","ping_status":"closed","sticky":false,"template":"","format":"standard","meta":{"_monsterinsights_skip_tracking":false,"_monsterinsights_sitenote_active":false,"_monsterinsights_sitenote_note":"","_monsterinsights_sitenote_category":0,"footnotes":""},"categories":[6],"tags":[],"class_list":["post-11443","post","type-post","status-publish","format-standard","has-post-thumbnail","hentry","category-economia"],"_links":{"self":[{"href":"https:\/\/www.visionweb.com.ar\/index.php?rest_route=\/wp\/v2\/posts\/11443","targetHints":{"allow":["GET"]}}],"collection":[{"href":"https:\/\/www.visionweb.com.ar\/index.php?rest_route=\/wp\/v2\/posts"}],"about":[{"href":"https:\/\/www.visionweb.com.ar\/index.php?rest_route=\/wp\/v2\/types\/post"}],"author":[{"embeddable":true,"href":"https:\/\/www.visionweb.com.ar\/index.php?rest_route=\/wp\/v2\/users\/3"}],"replies":[{"embeddable":true,"href":"https:\/\/www.visionweb.com.ar\/index.php?rest_route=%2Fwp%2Fv2%2Fcomments&post=11443"}],"version-history":[{"count":3,"href":"https:\/\/www.visionweb.com.ar\/index.php?rest_route=\/wp\/v2\/posts\/11443\/revisions"}],"predecessor-version":[{"id":11446,"href":"https:\/\/www.visionweb.com.ar\/index.php?rest_route=\/wp\/v2\/posts\/11443\/revisions\/11446"}],"wp:featuredmedia":[{"embeddable":true,"href":"https:\/\/www.visionweb.com.ar\/index.php?rest_route=\/wp\/v2\/media\/848"}],"wp:attachment":[{"href":"https:\/\/www.visionweb.com.ar\/index.php?rest_route=%2Fwp%2Fv2%2Fmedia&parent=11443"}],"wp:term":[{"taxonomy":"category","embeddable":true,"href":"https:\/\/www.visionweb.com.ar\/index.php?rest_route=%2Fwp%2Fv2%2Fcategories&post=11443"},{"taxonomy":"post_tag","embeddable":true,"href":"https:\/\/www.visionweb.com.ar\/index.php?rest_route=%2Fwp%2Fv2%2Ftags&post=11443"}],"curies":[{"name":"wp","href":"https:\/\/api.w.org\/{rel}","templated":true}]}}