{"id":11440,"date":"2023-08-15T08:41:15","date_gmt":"2023-08-15T11:41:15","guid":{"rendered":"https:\/\/www.visionweb.com.ar\/?p=11440"},"modified":"2023-08-15T08:44:05","modified_gmt":"2023-08-15T11:44:05","slug":"la-unlz-inauguro-el-nuevo-instituto-de-investigacion-en-ciencias-agrarias","status":"publish","type":"post","link":"https:\/\/www.visionweb.com.ar\/?p=11440","title":{"rendered":"La UNLZ inaugur\u00f3 el nuevo Instituto de Investigaci\u00f3n en Ciencias Agrarias"},"content":{"rendered":"<p><strong><em>La Facultad de Ciencias Agrarias de la UNLZ tiene un nuevo espacio de trabajo. El centro nuclea a 70 investigadores de diferentes \u00e1reas de la producci\u00f3n agropecuaria y realiza investigaci\u00f3n, docencia de grado y posgrado, formaci\u00f3n de recursos humanos y servicios tecnol\u00f3gicos.<\/em><\/strong><!--more--><\/p>\n<p><strong><img loading=\"lazy\" decoding=\"async\" class=\"size-medium wp-image-11441 alignright\" src=\"https:\/\/www.visionweb.com.ar\/wp-content\/uploads\/2023\/08\/INAUGURACION-300x132.png\" alt=\"\" width=\"300\" height=\"132\" srcset=\"https:\/\/www.visionweb.com.ar\/wp-content\/uploads\/2023\/08\/INAUGURACION-300x132.png 300w, https:\/\/www.visionweb.com.ar\/wp-content\/uploads\/2023\/08\/INAUGURACION.png 640w\" sizes=\"auto, (max-width: 300px) 100vw, 300px\" \/><\/strong><\/p>\n<p>La Facultad de Ciencias Agrarias de la Universidad NAcional de Lomas de zamora (FCAUNLZ), tiene un nuevo espacio de trabajo.<\/p>\n<p>Se trata del Instituto de Inveteigaci\u00f3n, Producci\u00f3n,\u00a0 Agropecuarias, Ambiente y Salud.<\/p>\n<p><strong>E<\/strong>l Instituto\u00a0de Investigaci\u00f3n, Producci\u00f3n Agropecuaria, Ambiente y Salud (IIPAAS) de la Facultad de Ciencias Agrarias de la Universidad Nacional de Lomas de Zamora (UNLZ) cuenta con\u00a0<strong>450 metros cuadrados\u00a0entre laboratorios, oficinas y espacio para tratamiento de muestras.<\/strong><\/p>\n<p>El\u00a0instituto ofrece servicios de an\u00e1lisis de suelos y aguas; en vegetales y animales; de aptitud de reproductores animales; de especies forrajeras mediante espectroscopia cercana al infrarrojo; microbiol\u00f3gicos y fitopatol\u00f3gicos. Adem\u00e1s,\u00a0ensayos de\u00a0<strong>eficacia insecticida residual en laboratorio; evaluaci\u00f3n de resistencia a plaguicidas; peritajes y capacitaci\u00f3n al sector p\u00fablico y privado,<\/strong>\u00a0entre otros.<\/p>\n<p>\u201cEstamos ante un suceso trascendental que es asistir al desarrollo de una Facultad que crece d\u00eda a d\u00eda y est\u00e1 unida en un proyecto de Universidad\u201d, remarc\u00f3 el rector de la UNLZ, Diego Molea; acompa\u00f1ado por el decano de la unidad acad\u00e9mica, N\u00e9stor Urretabizkaya, y el presidente de la Comisi\u00f3n de Investigaciones Cient\u00edficas, Alejandro Villar.<\/p>\n<p>Molea ponder\u00f3 la inauguraci\u00f3n del nuevo espacio, al afirmar: \u201cAc\u00e1 estamos inaugurando un Instituto de la Universidad, con lo que representa en estos tiempos en que se debaten dos modelos de pa\u00eds: el de la producci\u00f3n, el desarrollo, la integraci\u00f3n, que entiende que es a trav\u00e9s del trabajo colectivo que se puede crecer como pa\u00eds, y el modelo de la especulaci\u00f3n financiera, del recorte de derechos\u201d.<\/p>\n<p>\u201cLa Universidad tiene para aportar al modelo de producci\u00f3n a trav\u00e9s de la investigaci\u00f3n y tendiendo puentes para que la sociedad viva cada vez mejor y sienta que hay futuro, porque lo hay\u201d, resalt\u00f3 el rector sobre el instituto que nuclea a 70 investigadores de diferentes \u00e1reas de la producci\u00f3n agropecuaria y realiza investigaci\u00f3n, docencia de grado y posgrado, formaci\u00f3n de recursos humanos y servicios tecnol\u00f3gicos.<\/p>\n<p>Por su parte, Urretabizkaya, calific\u00f3 la inauguraci\u00f3n de este espacio como \u201cun logro hist\u00f3rico\u201d que permitir\u00e1 trabajar de mejor manera \u201cde acuerdo a las capacidades para generar conocimiento\u201d.<\/p>\n<p>A su turno, Villar destac\u00f3 que es la primera vez que \u201cdesarrollamos una pol\u00edtica desde la Provincia con las universidades y para las universidades\u201d y adelant\u00f3 el lanzamiento de un programa de becas doctorales para docentes de universidades con asiento en Buenos Aires.<\/p>\n<p>\u201cApuntamos a fortalecer el sistema cient\u00edfico y tecnol\u00f3gico de la Provincia desde los Recursos Humanos\u201d, sostuvo y agreg\u00f3: \u201ces necesario que se piense en pol\u00edticas p\u00fablicas que sostengan que la ciencia y la educaci\u00f3n son elementos centrales para el desarrollo\u201d<\/p>\n<p>Estuvieron presentes el Subsecretario de Ciencia y T\u00e9cnica de la Provincia, Federico Ag\u00fcero; Subsecretario de Desarrollo Agrario y Calidad Agroalimentaria del Ministerio de Desarrollo Agrario bonaerense, Cristian Amarilla; el Director Ejecutivo del Consejo Provincial de Coordinaci\u00f3n con el Sistema Universitario y cient\u00edfico, Juan Ignacio Brardinelli; el Secretario de la Confederaci\u00f3n de Asociaciones Rurales de la Provincia, Guillermo Tramontini; la Directora del Cipein \u2013 Conicet, Claudia Vasena, y el Director de Cooperativas Agrarias de PBA, Nicol\u00e1s Bento.<\/p>\n<p>Tambi\u00e9n participaron los vicerrectores de la UNLZ, Horacio Gegunde y Alejandro Kuruc; los decanos de Ciencias Econ\u00f3micas, Gabriel Franchignoni; Ciencias Sociales, Gustavo Na\u00f3n; Derecho, Mar\u00eda Fernanda Vazquez, e Ingenier\u00eda, Diego Serra; Secretarios; docentes; investigadores; trabajadores nodocentes, y estudiantes <strong>(VW)<\/strong><\/p>\n","protected":false},"excerpt":{"rendered":"<p>La Facultad de Ciencias Agrarias de la UNLZ tiene un nuevo espacio de trabajo. El centro nuclea a 70 investigadores de diferentes \u00e1reas de la producci\u00f3n agropecuaria y realiza investigaci\u00f3n, docencia de grado y&#46;&#46;&#46;<\/p>\n","protected":false},"author":3,"featured_media":11441,"comment_status":"closed","ping_status":"closed","sticky":false,"template":"","format":"standard","meta":{"_monsterinsights_skip_tracking":false,"_monsterinsights_sitenote_active":false,"_monsterinsights_sitenote_note":"","_monsterinsights_sitenote_category":0,"footnotes":""},"categories":[7],"tags":[1870,114,4764,680,2321],"class_list":["post-11440","post","type-post","status-publish","format-standard","has-post-thumbnail","hentry","category-educacion-y-cultura","tag-inauguracion","tag-instituto","tag-labiratorio","tag-profesionales","tag-unlz"],"_links":{"self":[{"href":"https:\/\/www.visionweb.com.ar\/index.php?rest_route=\/wp\/v2\/posts\/11440","targetHints":{"allow":["GET"]}}],"collection":[{"href":"https:\/\/www.visionweb.com.ar\/index.php?rest_route=\/wp\/v2\/posts"}],"about":[{"href":"https:\/\/www.visionweb.com.ar\/index.php?rest_route=\/wp\/v2\/types\/post"}],"author":[{"embeddable":true,"href":"https:\/\/www.visionweb.com.ar\/index.php?rest_route=\/wp\/v2\/users\/3"}],"replies":[{"embeddable":true,"href":"https:\/\/www.visionweb.com.ar\/index.php?rest_route=%2Fwp%2Fv2%2Fcomments&post=11440"}],"version-history":[{"count":1,"href":"https:\/\/www.visionweb.com.ar\/index.php?rest_route=\/wp\/v2\/posts\/11440\/revisions"}],"predecessor-version":[{"id":11442,"href":"https:\/\/www.visionweb.com.ar\/index.php?rest_route=\/wp\/v2\/posts\/11440\/revisions\/11442"}],"wp:featuredmedia":[{"embeddable":true,"href":"https:\/\/www.visionweb.com.ar\/index.php?rest_route=\/wp\/v2\/media\/11441"}],"wp:attachment":[{"href":"https:\/\/www.visionweb.com.ar\/index.php?rest_route=%2Fwp%2Fv2%2Fmedia&parent=11440"}],"wp:term":[{"taxonomy":"category","embeddable":true,"href":"https:\/\/www.visionweb.com.ar\/index.php?rest_route=%2Fwp%2Fv2%2Fcategories&post=11440"},{"taxonomy":"post_tag","embeddable":true,"href":"https:\/\/www.visionweb.com.ar\/index.php?rest_route=%2Fwp%2Fv2%2Ftags&post=11440"}],"curies":[{"name":"wp","href":"https:\/\/api.w.org\/{rel}","templated":true}]}}