{"id":11433,"date":"2023-08-14T08:24:34","date_gmt":"2023-08-14T11:24:34","guid":{"rendered":"https:\/\/www.visionweb.com.ar\/?p=11433"},"modified":"2023-08-14T18:41:03","modified_gmt":"2023-08-14T21:41:03","slug":"diego-kravetz-y-julian-alvarez-competiran-por-la-intendencia-de-lanus","status":"publish","type":"post","link":"https:\/\/www.visionweb.com.ar\/?p=11433","title":{"rendered":"Diego Kravetz y Juli\u00e1n \u00c1lvarez competir\u00e1n por la intendencia de Lan\u00fas"},"content":{"rendered":"<p><em><strong>Ser\u00e1 el 22 de octubre. La agrupaci\u00f3n que lidera Javier Milei, en los votos a intendente sum\u00f3 un total parcial de 26.000 voluntades.\u00a0 <\/strong><\/em><!--more--><\/p>\n<div id=\"attachment_458\" style=\"width: 310px\" class=\"wp-caption alignright\"><img loading=\"lazy\" decoding=\"async\" aria-describedby=\"caption-attachment-458\" class=\"wp-image-458 size-medium\" src=\"https:\/\/www.visionweb.com.ar\/wp-content\/uploads\/2020\/11\/MUNICIPIO-DE-LANUS-300x188.png\" alt=\"\" width=\"300\" height=\"188\" srcset=\"https:\/\/www.visionweb.com.ar\/wp-content\/uploads\/2020\/11\/MUNICIPIO-DE-LANUS-300x188.png 300w, https:\/\/www.visionweb.com.ar\/wp-content\/uploads\/2020\/11\/MUNICIPIO-DE-LANUS.png 640w\" sizes=\"auto, (max-width: 300px) 100vw, 300px\" \/><p id=\"caption-attachment-458\" class=\"wp-caption-text\"><em><strong>Entre Diego Kr\u00e1vetz y Juli\u00e1n Alvarez se dimir\u00e1 el futuro intendente de Lan\u00fas el pr\u00f3ximo 22 de octubre. (Foto Archivo) <\/strong><\/em><\/p><\/div>\n<p><strong>L<\/strong>os candidatos Diego Kravetz (Juntos por el Cambio) y Juli\u00e1n \u00c1lvarez (Uni\u00f3n por la Patria), se disputar\u00e1n el pr\u00f3ximo 22 de octubre la intendencia de Lan\u00fas.<\/p>\n<p>Ese es el resultado al que se lleg\u00f3 en la noche de este domingo luego de contabilizar los votos de 644 mesas, sobre un total de 1143, que se habilitaron en el distrito de Lan\u00fas.<\/p>\n<p>De acuerdo con los resultados previos de los c\u00f3mputos, <strong>la suma de las cuatro listas de Uni\u00f3n por la Patria se impone con un 39% a Juntos por el Cambio que re\u00fane entre su dos listas un 35%.<\/strong><\/p>\n<p>Los 54.000 votos del peronismo se re\u00fanen gracias a los 28.000 de la lista que encabeza el camporista <strong>Juli\u00e1n \u00c1lvarez que ser\u00e1 el candidato a intendente\u00a0<\/strong>y al que siguen Agust\u00edn Balladares, del Movimiento Evita con 13.000, escoltados por el renovador Nicol\u00e1s Russo (12.000) y V\u00edctor de Gennaro (5.000)<\/p>\n<p>Por su parte,\u00a0<strong>La Libertad Avanza reuni\u00f3 26.000 votos, un 19%<\/strong>, que ponen a esa fuerza en tercer lugar y a Jorge Garc\u00eda como el segundo candidato m\u00e1s votado<strong>(VW)<\/strong>.<\/p>\n","protected":false},"excerpt":{"rendered":"<p>Ser\u00e1 el 22 de octubre. La agrupaci\u00f3n que lidera Javier Milei, en los votos a intendente sum\u00f3 un total parcial de 26.000 voluntades.\u00a0<\/p>\n","protected":false},"author":3,"featured_media":458,"comment_status":"closed","ping_status":"closed","sticky":false,"template":"","format":"standard","meta":{"_monsterinsights_skip_tracking":false,"_monsterinsights_sitenote_active":false,"_monsterinsights_sitenote_note":"","_monsterinsights_sitenote_category":0,"footnotes":""},"categories":[4],"tags":[1150,340,241,19,204],"class_list":["post-11433","post","type-post","status-publish","format-standard","has-post-thumbnail","hentry","category-politica","tag-alvarez","tag-elecciones","tag-kravetz","tag-lanus","tag-paso"],"_links":{"self":[{"href":"https:\/\/www.visionweb.com.ar\/index.php?rest_route=\/wp\/v2\/posts\/11433","targetHints":{"allow":["GET"]}}],"collection":[{"href":"https:\/\/www.visionweb.com.ar\/index.php?rest_route=\/wp\/v2\/posts"}],"about":[{"href":"https:\/\/www.visionweb.com.ar\/index.php?rest_route=\/wp\/v2\/types\/post"}],"author":[{"embeddable":true,"href":"https:\/\/www.visionweb.com.ar\/index.php?rest_route=\/wp\/v2\/users\/3"}],"replies":[{"embeddable":true,"href":"https:\/\/www.visionweb.com.ar\/index.php?rest_route=%2Fwp%2Fv2%2Fcomments&post=11433"}],"version-history":[{"count":3,"href":"https:\/\/www.visionweb.com.ar\/index.php?rest_route=\/wp\/v2\/posts\/11433\/revisions"}],"predecessor-version":[{"id":11436,"href":"https:\/\/www.visionweb.com.ar\/index.php?rest_route=\/wp\/v2\/posts\/11433\/revisions\/11436"}],"wp:featuredmedia":[{"embeddable":true,"href":"https:\/\/www.visionweb.com.ar\/index.php?rest_route=\/wp\/v2\/media\/458"}],"wp:attachment":[{"href":"https:\/\/www.visionweb.com.ar\/index.php?rest_route=%2Fwp%2Fv2%2Fmedia&parent=11433"}],"wp:term":[{"taxonomy":"category","embeddable":true,"href":"https:\/\/www.visionweb.com.ar\/index.php?rest_route=%2Fwp%2Fv2%2Fcategories&post=11433"},{"taxonomy":"post_tag","embeddable":true,"href":"https:\/\/www.visionweb.com.ar\/index.php?rest_route=%2Fwp%2Fv2%2Ftags&post=11433"}],"curies":[{"name":"wp","href":"https:\/\/api.w.org\/{rel}","templated":true}]}}