{"id":11429,"date":"2023-08-14T08:06:53","date_gmt":"2023-08-14T11:06:53","guid":{"rendered":"https:\/\/www.visionweb.com.ar\/?p=11429"},"modified":"2023-08-14T08:09:24","modified_gmt":"2023-08-14T11:09:24","slug":"elecciones-paso-kicillof-se-aseguro-la-provincia-y-grindetti-le-gano-a-santilli","status":"publish","type":"post","link":"https:\/\/www.visionweb.com.ar\/?p=11429","title":{"rendered":"Elecciones PASO: Kicillof se asegur\u00f3 su candidatura a la gobernaci\u00f3n bonaerense y Grindetti le gan\u00f3 a Santilli"},"content":{"rendered":"<p><em><strong>El gobernador tiene m\u00e1s votos que Massa y Grabois sumados en PBA. Grindetti le gan\u00f3 la interna a Santilli y ser\u00e1 el candidato de Juntos por el Cambio<\/strong><\/em><!--more--><\/p>\n<div id=\"attachment_7951\" style=\"width: 310px\" class=\"wp-caption alignleft\"><img loading=\"lazy\" decoding=\"async\" aria-describedby=\"caption-attachment-7951\" class=\"wp-image-7951 size-medium\" src=\"https:\/\/www.visionweb.com.ar\/wp-content\/uploads\/2022\/10\/Kicillof-archivo-300x246.jpg\" alt=\"\" width=\"300\" height=\"246\" srcset=\"https:\/\/www.visionweb.com.ar\/wp-content\/uploads\/2022\/10\/Kicillof-archivo-300x246.jpg 300w, https:\/\/www.visionweb.com.ar\/wp-content\/uploads\/2022\/10\/Kicillof-archivo.bmp 620w\" sizes=\"auto, (max-width: 300px) 100vw, 300px\" \/><p id=\"caption-attachment-7951\" class=\"wp-caption-text\"><em><strong>Axel Kicillof competir\u00e1 con N\u00e9stor Grindettii Carolina P\u00edparo el 22 de octubre porla gobernaci\u00f3n bonaerense. (Archivo VW) <\/strong><\/em><\/p><\/div>\n<p><strong>C<\/strong>on una gran elecci\u00f3n en la provincia de Buenos Aires de la Libertad Avanza,\u00a0 que la ubic\u00f3 como la tercera fuerza, el gobernador bonaerenses, Axel Kicillos se asegur\u00f3 su candidatura\u00a0 a una reelecci\u00f3n en las pr\u00f3ximas elecciones del 22 de octubre.<\/p>\n<p>En tanto, el intendente de Lan\u00fas, y ahora candidato a gobernador bonaerense, N\u00e9stor Grindedetti, venci\u00f2 en la interna de Juntos por el Cambio, Diego Santilli\u00a0 https:\/\/www.instagram.com\/reel\/Cv6Yh0bMjoZ\/?igshid=MzRlODBiNWFlZA==<\/p>\n<p>En tanto que la candidata de la Libertad Avanza, la agrupaci\u00f3n liderada por Javier MIlei,\u00a0 la diputada provincial Carolina P\u00edparo, se asegur\u00f3 un puesto como tercera fuerza para la pr\u00f3xima contienda electoral para ocupar el sill\u00f3n de DArdoi Rocha en la capital bonaerense.<\/p>\n<p>Con el 87% de las mesas escrutadas, sobre el filo de la media noche, la f\u00f3rmula que componen Kicillof y Ver\u00f3nica Magario se quedaba con el 36,34%% de los votos (2.621.272 sufragios), contra el 32,98% de los candidatos de Juntos sumados, un total de 2.379.043 votos.<\/p>\n<p>En esa interna, Grindetti, de La Fuerza del Cambio, el espacio que a nivel nacional postul\u00f3 a Patricia Bullrich, se quedaba con 1.201.676 votos contra 1.177.367 votos de Santilli. En porcentaje, la diferencia a favor de Kicillof fue de 3,365<\/p>\n<p>Carolina P\u00edparo, la candidata de Milei que hizo f\u00f3rmula con Francisco Oneto, era la segunda m\u00e1s votada en forma individual, con 1.715868 votos, lo que equivale al 23,79% de los votos, casi los mismos que sac\u00f3 Milei como candidato a presidente en el distrito.<\/p>\n<p>El otro espacio, de los 26 que presentaron candidaturas en la provincia, que podr\u00e1 competir en las generales porque alcanzaba el piso de 1,5% de los votos v\u00e1lidos emitidos, fue el Frente de Izquierda Unidad, que obtuvo entre sus dos listas el 3,57%, un total de 178.958 votos. El ganador fue Rub\u00e9n \u201cPollo\u201d Sobrero junto a Nathalia Gonz\u00e1lez Seligra (135.921) votos contra Alejandro Bodar\/Jimena Lettieri, que obten\u00eda 79.169 votos.<\/p>\n<p>Kicillof se beneficiaba de una doble circunstancia: Sergio Massa y Agust\u00edn Rossi sumados a Juan Grabois y Paula Abal Medina ganaban la elecci\u00f3n presidencial en la Provincia, con el 32,11% de los votos (2.584.703 votos entre ambas f\u00f3rmulas, menos que el total del Kicillof), mientras que Javier Milei, que fue primero a nivel nacional, en la provincia qued\u00f3 tercero.<\/p>\n<p>P\u00edparo alcanzaba casi los mismos votos que Milei en el distrito: el l\u00edder libertario obtuvo 24,52%, 1.973.625 sufragios. Se corrobor\u00f3 as\u00ed el peso de la figura de Milei: en ninguna otra de las 18 provincias que tuvieron elecciones previas sus candidatos locales tuvo una perfomance de este tipo. P\u00edparo, tambi\u00e9n es cierto, logr\u00f3 evitar el corte y mantuvo en su totalidad las voluntades que acapar\u00f3 Milei <strong>(VW, con datos de la Agencia\u00a0DIB)<\/strong>.<\/p>\n<p>&nbsp;<\/p>\n","protected":false},"excerpt":{"rendered":"<p>El gobernador tiene m\u00e1s votos que Massa y Grabois sumados en PBA. Grindetti le gan\u00f3 la interna a Santilli y ser\u00e1 el candidato de Juntos por el Cambio<\/p>\n","protected":false},"author":3,"featured_media":7951,"comment_status":"closed","ping_status":"closed","sticky":false,"template":"","format":"standard","meta":{"_monsterinsights_skip_tracking":false,"_monsterinsights_sitenote_active":false,"_monsterinsights_sitenote_note":"","_monsterinsights_sitenote_category":0,"footnotes":""},"categories":[4],"tags":[18,167,4763,920],"class_list":["post-11429","post","type-post","status-publish","format-standard","has-post-thumbnail","hentry","category-politica","tag-grindetti","tag-kicillof","tag-piparo","tag-santilli"],"_links":{"self":[{"href":"https:\/\/www.visionweb.com.ar\/index.php?rest_route=\/wp\/v2\/posts\/11429","targetHints":{"allow":["GET"]}}],"collection":[{"href":"https:\/\/www.visionweb.com.ar\/index.php?rest_route=\/wp\/v2\/posts"}],"about":[{"href":"https:\/\/www.visionweb.com.ar\/index.php?rest_route=\/wp\/v2\/types\/post"}],"author":[{"embeddable":true,"href":"https:\/\/www.visionweb.com.ar\/index.php?rest_route=\/wp\/v2\/users\/3"}],"replies":[{"embeddable":true,"href":"https:\/\/www.visionweb.com.ar\/index.php?rest_route=%2Fwp%2Fv2%2Fcomments&post=11429"}],"version-history":[{"count":3,"href":"https:\/\/www.visionweb.com.ar\/index.php?rest_route=\/wp\/v2\/posts\/11429\/revisions"}],"predecessor-version":[{"id":11432,"href":"https:\/\/www.visionweb.com.ar\/index.php?rest_route=\/wp\/v2\/posts\/11429\/revisions\/11432"}],"wp:featuredmedia":[{"embeddable":true,"href":"https:\/\/www.visionweb.com.ar\/index.php?rest_route=\/wp\/v2\/media\/7951"}],"wp:attachment":[{"href":"https:\/\/www.visionweb.com.ar\/index.php?rest_route=%2Fwp%2Fv2%2Fmedia&parent=11429"}],"wp:term":[{"taxonomy":"category","embeddable":true,"href":"https:\/\/www.visionweb.com.ar\/index.php?rest_route=%2Fwp%2Fv2%2Fcategories&post=11429"},{"taxonomy":"post_tag","embeddable":true,"href":"https:\/\/www.visionweb.com.ar\/index.php?rest_route=%2Fwp%2Fv2%2Ftags&post=11429"}],"curies":[{"name":"wp","href":"https:\/\/api.w.org\/{rel}","templated":true}]}}