{"id":11424,"date":"2023-08-13T16:26:53","date_gmt":"2023-08-13T19:26:53","guid":{"rendered":"https:\/\/www.visionweb.com.ar\/?p=11424"},"modified":"2023-08-13T16:26:53","modified_gmt":"2023-08-13T19:26:53","slug":"masiva-concurrencia-de-votantes-a-las-urnas-a-40-anos-de-la-restauracion-de-la-democracia","status":"publish","type":"post","link":"https:\/\/www.visionweb.com.ar\/?p=11424","title":{"rendered":"Masiva concurrencia de votantes a las urnas a 40 a\u00f1os de la restauraci\u00f3n de la democracia"},"content":{"rendered":"<p><em><strong>En el marco de las elecciones PASO (Primarias, Abiertas, Simult\u00e1neas\u00a0 y obligatorias) m\u00e1s del 48 por ciento del electorado ya pas\u00f3 por las urnas.<\/strong><\/em>\u00a0 \u00a0 <!--more--><\/p>\n<p><strong><img loading=\"lazy\" decoding=\"async\" class=\"size-medium wp-image-11425 alignright\" src=\"https:\/\/www.visionweb.com.ar\/wp-content\/uploads\/2023\/08\/ELECCIONES-PASO-300x169.png\" alt=\"\" width=\"300\" height=\"169\" srcset=\"https:\/\/www.visionweb.com.ar\/wp-content\/uploads\/2023\/08\/ELECCIONES-PASO-300x169.png 300w, https:\/\/www.visionweb.com.ar\/wp-content\/uploads\/2023\/08\/ELECCIONES-PASO.png 640w\" sizes=\"auto, (max-width: 300px) 100vw, 300px\" \/>E<\/strong>n coincidencia con los 40 a\u00f1os de democracia m\u00e1s del 48 por ciento de electorado hab\u00eda pasado por las escuelas de todo el pa\u00eds, cuando promediaban las 16 horas, de acuerdo con los datos informados por la Junta Electoral Nacional.<\/p>\n<p>Las elecciones PASO que se concretan este domingo luego de una semana en la que la sociedad argentina fustig\u00f3 a la conducci\u00f3n pol\u00edtica\u00a0 por los episodios de violencia criminal, en particular en el Gran Buenos Aires, la poblaci\u00f3n concurri\u00f3 en forma masiva a las urnas.<\/p>\n<p>Este a\u00f1o se sumaron a la obligaci\u00f3n de votar m\u00e1s de 1,5 millones de j\u00f3venes que emiten\u00a0 su sufragio por primera vez en su vida.<\/p>\n<p>En el caso de la ciudad de Buenos Aires, cuyos ciudadanos eligen pre candidatos nacionales por el sistema tradicional, los pre candidatos locales, se eligen por el sistema de boleta electr\u00f3nica, que le complic\u00f3 a muchos la emisi\u00f3n\u00a0 de su voto.<\/p>\n<p>A esas complicaciones no fue ajena la pre candidata a la presidencia de la Naci\u00f3n por una de las l\u00edneas de Juntos por el Cambio, Patricia Bullrich, quien debi\u00f3 emitir siete veces su voto por problemas en la m\u00e1quina que le toc\u00f3 en suerte, hasta que el personal t\u00e9cnico la cambio y pudo concretar su cometido.<\/p>\n<p><img loading=\"lazy\" decoding=\"async\" class=\"size-medium wp-image-11426 alignleft\" src=\"https:\/\/www.visionweb.com.ar\/wp-content\/uploads\/2023\/08\/GRINDETETI-VOTA-300x230.jpeg\" alt=\"\" width=\"300\" height=\"230\" srcset=\"https:\/\/www.visionweb.com.ar\/wp-content\/uploads\/2023\/08\/GRINDETETI-VOTA-300x230.jpeg 300w, https:\/\/www.visionweb.com.ar\/wp-content\/uploads\/2023\/08\/GRINDETETI-VOTA.jpeg 627w\" sizes=\"auto, (max-width: 300px) 100vw, 300px\" \/>En tanto, en el \u00e1mbito del Gran Buenos Aires, Sur, el pre candidato a la gobernaci\u00f3n de Juntos por el Cambio, N\u00e9stor Grindetti, por la l\u00ednea que encabeza Patricia Bullrich emiti\u00f3 su voto en la\u00a0 Escuela N\u00ba 28, cerca del medio d\u00eda, ubicada en Carlos Gardel al 1000.<\/p>\n<p>La jornada comenz\u00f3 con un cl\u00e1sico desayuno en una confiter\u00eda c\u00e9ntrica del municipio junto al precandidato a intendente local, Diego Kravetz y el diputado provincial y jefe de la campa\u00f1a provincial de Grindetti, Adrian Urreli, quienes analizaron la apertura de las mesas de votaci\u00f3n en toda la provincia.<\/p>\n<p>\u00abHubo ciertas demoras en el comienzo del comicio por falta de autoridades de mesa en varios distritos del conurbano y algunas urnas que llegaron con boletas que corresponden a otras jurisdicciones, las autoridades de mesa estuvieron trabajando desde temprano para solucionarlo, afirm\u00f3 el jefe de campa\u00f1a provincial, Adri\u00e1n Urreli.<\/p>\n<p>Luego de emitir su voto en la EP n\u00b0 28, Grindetti atendi\u00f3 a los medios de comunicaci\u00f3n presentes: \u00bb El voto es un derecho y una obligaci\u00f3n que todos debemos ejercer, es el momento oportuno donde tienen que expresar lo que opina el vecino con la raz\u00f3n y el coraz\u00f3n sobre el futuro del pa\u00eds y la provincia, esperemos que sea una jornada en paz y donde la gente pueda expresarse masivamente\u201d.<\/p>\n<p>El jefe comunal y precandidato a gobernador del PRO seguir\u00e1 la jornada desde Lan\u00fas donde espera la visita de los principales dirigentes que conforman la lista de \u00abLa Fuerza del Cambio\u00bb en la provincia de Buenos Aires, luego del cierre de la votaci\u00f3n viajar\u00e1 hasta Parque Norte para reunirse con Patricia Bullrich y los dirigentes nacionales.<\/p>\n<p><strong>En Remedios de Escalada<\/strong><\/p>\n<p>En tanto, Diego Kravetz, pre candidato a la intendencia de Lan\u00fas, emiti\u00f3 su voto en el Club Lafuente en la localidad de Remedios de Escalada.<\/p>\n<p>El intendente interino de Lan\u00fas, dijo en su cuenta de twitter anunci\u00f3 que realiz\u00f3 su voto y sostuvo que \u201cparticipar es la mejor forma de ejercer nuestro derecho a elegir para seguir construyendo un futuro para nuestro Municipio\u201d.<\/p>\n<p>El responsable de la seguirad del municipio estuvo en el el centro de las cr\u00edticas luego del asesinato de Morena, la nena de 11 a\u00f1os fallecida el mi\u00e9rcoles pasado, a causa del ataque de dos motochorros que la golpearon y robaron cuando iba de camino a su escuela primaria en Lan\u00fas.<\/p>\n<p><strong>Desde la oposici\u00f3n<\/strong><\/p>\n<p><img loading=\"lazy\" decoding=\"async\" class=\"size-medium wp-image-11427 alignright\" src=\"https:\/\/www.visionweb.com.ar\/wp-content\/uploads\/2023\/08\/BALLADARES-300x227.jpeg\" alt=\"\" width=\"300\" height=\"227\" srcset=\"https:\/\/www.visionweb.com.ar\/wp-content\/uploads\/2023\/08\/BALLADARES-300x227.jpeg 300w, https:\/\/www.visionweb.com.ar\/wp-content\/uploads\/2023\/08\/BALLADARES.jpeg 634w\" sizes=\"auto, (max-width: 300px) 100vw, 300px\" \/>Por su parte, el concejal Uni\u00f3n por la Patria (UxP)\u00a0 (ex Frente de todos), Agust\u00edn Balladares, cont\u00f3 en su cuenta de twitter que en horas de la ma\u00f1ana emiti\u00f3 su voto en la Mesa N\u00ba 133, en la Escuela Especial N\u00ba 25, ubicada en Grl Pico\u00a0 al 2000, Remedios de Escalada.<\/p>\n<p>En declaraciones a la prensa, el pre candidato por la Lista 4 de UxP expres\u00f3 \u00abEs un d\u00eda muy importante para la democracia, lo vimos con mucha alegr\u00eda y responsabilidad. Adem\u00e1s de ser generacional, con los 40 a\u00f1os de la democracia argentina, poder ejercerla como pre candidato es un orgullo. Hemos trabajado much\u00edsimo, es un gran d\u00eda para la Patria\u00bb<\/p>\n<p>Balladares tambi\u00e9n reflexion\u00f3 acerca de la concurrencia del electorado y al respecto a\u00f1adi\u00f3 \u00abHemos venido trabajando para que haya una importante concurrencia de vecinos a quienes les pedimos que se vuelquen en forma masiva a la participaci\u00f3n electoral para fortalecer el sistema pol\u00edtico, porque en el conurbano bonaerense siempre hemos visto mucho involucramiento en estas instancias, as\u00ed que esperemos que se de as\u00ed. Todas las escuelas arrancaron con el acto electoral sin grandes problemas<strong>(VW)<\/strong><\/p>\n<p>&nbsp;<\/p>\n","protected":false},"excerpt":{"rendered":"<p>En el marco de las elecciones PASO (Primarias, Abiertas, Simult\u00e1neas\u00a0 y obligatorias) m\u00e1s del 48 por ciento del electorado ya pas\u00f3 por las urnas.\u00a0 \u00a0<\/p>\n","protected":false},"author":3,"featured_media":11425,"comment_status":"closed","ping_status":"closed","sticky":false,"template":"","format":"standard","meta":{"_monsterinsights_skip_tracking":false,"_monsterinsights_sitenote_active":false,"_monsterinsights_sitenote_note":"","_monsterinsights_sitenote_category":0,"footnotes":""},"categories":[4],"tags":[961,4762,340,1882],"class_list":["post-11424","post","type-post","status-publish","format-standard","has-post-thumbnail","hentry","category-politica","tag-candidatos","tag-concurrencia","tag-elecciones","tag-votos"],"_links":{"self":[{"href":"https:\/\/www.visionweb.com.ar\/index.php?rest_route=\/wp\/v2\/posts\/11424","targetHints":{"allow":["GET"]}}],"collection":[{"href":"https:\/\/www.visionweb.com.ar\/index.php?rest_route=\/wp\/v2\/posts"}],"about":[{"href":"https:\/\/www.visionweb.com.ar\/index.php?rest_route=\/wp\/v2\/types\/post"}],"author":[{"embeddable":true,"href":"https:\/\/www.visionweb.com.ar\/index.php?rest_route=\/wp\/v2\/users\/3"}],"replies":[{"embeddable":true,"href":"https:\/\/www.visionweb.com.ar\/index.php?rest_route=%2Fwp%2Fv2%2Fcomments&post=11424"}],"version-history":[{"count":1,"href":"https:\/\/www.visionweb.com.ar\/index.php?rest_route=\/wp\/v2\/posts\/11424\/revisions"}],"predecessor-version":[{"id":11428,"href":"https:\/\/www.visionweb.com.ar\/index.php?rest_route=\/wp\/v2\/posts\/11424\/revisions\/11428"}],"wp:featuredmedia":[{"embeddable":true,"href":"https:\/\/www.visionweb.com.ar\/index.php?rest_route=\/wp\/v2\/media\/11425"}],"wp:attachment":[{"href":"https:\/\/www.visionweb.com.ar\/index.php?rest_route=%2Fwp%2Fv2%2Fmedia&parent=11424"}],"wp:term":[{"taxonomy":"category","embeddable":true,"href":"https:\/\/www.visionweb.com.ar\/index.php?rest_route=%2Fwp%2Fv2%2Fcategories&post=11424"},{"taxonomy":"post_tag","embeddable":true,"href":"https:\/\/www.visionweb.com.ar\/index.php?rest_route=%2Fwp%2Fv2%2Ftags&post=11424"}],"curies":[{"name":"wp","href":"https:\/\/api.w.org\/{rel}","templated":true}]}}