{"id":11417,"date":"2023-08-11T13:54:24","date_gmt":"2023-08-11T16:54:24","guid":{"rendered":"https:\/\/www.visionweb.com.ar\/?p=11417"},"modified":"2023-08-11T13:54:24","modified_gmt":"2023-08-11T16:54:24","slug":"inseguridad-fatal-reconocido-medico-de-moron-asesinado-para-robarle-el-auto","status":"publish","type":"post","link":"https:\/\/www.visionweb.com.ar\/?p=11417","title":{"rendered":"Inseguridad fatal: Reconocido m\u00e9dico de Mor\u00f3n asesinado para robarle el auto"},"content":{"rendered":"<p><em><strong>A\u00a0Juan Carlos Cruz lo mataron de un \u00fanico tiro con el arma apoyada en la cabeza. Los peritos buscan rastros de los asesinos en el auto de la v\u00edctima, que fue abandonado por los delincuentes.<\/strong><\/em><!--more--><\/p>\n<p><strong><img loading=\"lazy\" decoding=\"async\" class=\"size-medium wp-image-11418 alignleft\" src=\"https:\/\/www.visionweb.com.ar\/wp-content\/uploads\/2023\/08\/a-justicia-por-juan-300x175.png\" alt=\"\" width=\"300\" height=\"175\" srcset=\"https:\/\/www.visionweb.com.ar\/wp-content\/uploads\/2023\/08\/a-justicia-por-juan-300x175.png 300w, https:\/\/www.visionweb.com.ar\/wp-content\/uploads\/2023\/08\/a-justicia-por-juan.png 431w\" sizes=\"auto, (max-width: 300px) 100vw, 300px\" \/>\u00a0\u00a0 E<\/strong>l\u00a0m\u00e9dico cirujano asesinado\u00a0en la tarde de ayer, fue\u00a0ejecutado de un \u00fanico disparo en la cabeza efectuado a muy corta distancia\u00a0con una pistola 9 mil\u00edmetros, informaron fuentes policiales y judiciales.<\/p>\n<p>El atroz asalto se desarroll\u00f3 frente a su casa de la localidad bonaerense de\u00a0<strong>Mor\u00f3n. <\/strong>Los peritos buscan rastros de los asesinos en el auto de la v\u00edctima que fue abandonado por los delincuentes a pocas cuadras.<\/p>\n<p>La <strong>autopsia\u00a0<\/strong>confirm\u00f3 esta ma\u00f1ana que el m\u00e9dico Juan Carlos Cruz (52) recibi\u00f3 un balazo que ingres\u00f3 por el parietal derecho y que sali\u00f3 por la regi\u00f3n occipital izquierda, que seg\u00fan los forenses, indican que se efectu\u00f3 con el ca\u00f1\u00f3n apoyado a \u00abboca de jarro\u00bb.<\/p>\n<p>Una de las hermanas del cirujano asesinado dijo este viernes que su hermano llevaba adelante su vida con \u00abtodo el sacrificio\u00bb, y asegur\u00f3 que, a pesar de que <strong>se dedicaba a \u00absalvar vidas<\/strong>, no le pagaban bien y encima <strong>lo mataron de un tiro en la cabeza<\/strong>\u00ab.<\/p>\n<p>\u00abVenimos de muy abajo y el que diga villa se tiene que lavar la boca, porque la villa le dio a este pa\u00eds m\u00e9dicos, directores, profesores, que es lo que son mis hermanos\u00bb, dijo Victoria, hermana del m\u00e9dico Juan Carlos Cruz. A la vez detall\u00f3 que \u201cEstaba ense\u00f1ando en quir\u00f3fano a los residentes\u00bb.<\/p>\n<p>Por su parte, Florencia, una sobrina del m\u00e9dico, expres\u00f3 que \u00abse llevaron a una persona extraordinaria, excelente, un ejemplo a seguir\u00bb.<\/p>\n<p>Voceros judiciales y policiales informaron que, en esas circunstancias, el m\u00e9dico fue sorprendido por tres delincuentes armados que llegaron caminando por la vereda de enfrente y que lo abordaron para exigirle su auto. Luego\u00a0<strong>los asaltantes le efectuaron varios disparos<\/strong>, y escaparon en el veh\u00edculo de la v\u00edctima.<\/p>\n<p>Efectivos del Comando de Patrullas de Mor\u00f3n, constataron el fallecimiento del m\u00e9dico al llegar a la escena, luego arrib\u00f3 una ambulancia del Sistema de Atenci\u00f3n M\u00e9dica de Emergencias (SAME).<\/p>\n<p>Los efectivos abocados al operativo hallaron minutos despu\u00e9s el auto robado a la v\u00edctima abandonado en la esquina de Olegario V\u00edctor Andrade y Coronel Aguirre, en la localidad vecina de Rafael Castillo,\u00a0<strong>a unas 30 cuadras del lugar en donde se produjo el crimen<\/strong>, de acuerdo a lo\u00a0 informado por las fuentes.<\/p>\n<p>En la causa interviene el fiscal Mat\u00edas Rappazzo, de la Unidad Funcional de Instrucci\u00f3n (UFI) 7 del Departamento Judicial de Mor\u00f3n.<\/p>\n<p>Una c\u00e1mara ubicada en la esquina de la escena del crimen\u00a0registr\u00f3 gran parte de la secuencia de lo ocurrido, mientras que las c\u00e1maras del Centro de Operaciones y Monitoreo (COM) del municipio de Mor\u00f3n captaron el paso de los tres sospechosos minutos antes del asalto, quienes atravesaron caminando la plaza del Museo Aeron\u00e1utico, a unos 700 metros de la vivienda de la v\u00edctima.<\/p>\n<p><strong>Otra filmaci\u00f3n del COM registr\u00f3 la huida de los asaltantes<\/strong>, quienes se desplazaron por avenida Per\u00f3n, cruzaron las v\u00edas del ferrocarril Belgrano Sur y doblaron hacia la izquierda por la calle Stevenson.<\/p>\n<p>Detectives de la Delegaci\u00f3n Departamental de Investigaciones (DDI) fueron convocados para colaborar en la b\u00fasqueda de los homicidas, por el momento pr\u00f3fugos. (Con informaci\u00f3n de T\u00e9lam). <strong>(VW)<\/strong><\/p>\n","protected":false},"excerpt":{"rendered":"<p>A\u00a0Juan Carlos Cruz lo mataron de un \u00fanico tiro con el arma apoyada en la cabeza. Los peritos buscan rastros de los asesinos en el auto de la v\u00edctima, que fue abandonado por los&#46;&#46;&#46;<\/p>\n","protected":false},"author":4,"featured_media":11418,"comment_status":"closed","ping_status":"closed","sticky":false,"template":"","format":"standard","meta":{"_monsterinsights_skip_tracking":false,"_monsterinsights_sitenote_active":false,"_monsterinsights_sitenote_note":"","_monsterinsights_sitenote_category":0,"footnotes":""},"categories":[8,5],"tags":[4758,4757,4759],"class_list":["post-11417","post","type-post","status-publish","format-standard","has-post-thumbnail","hentry","category-interes-general","category-sociedad","tag-juan-carlos-cruz","tag-medico-de-moron-asesinado","tag-tres-delincuentes-profugos"],"_links":{"self":[{"href":"https:\/\/www.visionweb.com.ar\/index.php?rest_route=\/wp\/v2\/posts\/11417","targetHints":{"allow":["GET"]}}],"collection":[{"href":"https:\/\/www.visionweb.com.ar\/index.php?rest_route=\/wp\/v2\/posts"}],"about":[{"href":"https:\/\/www.visionweb.com.ar\/index.php?rest_route=\/wp\/v2\/types\/post"}],"author":[{"embeddable":true,"href":"https:\/\/www.visionweb.com.ar\/index.php?rest_route=\/wp\/v2\/users\/4"}],"replies":[{"embeddable":true,"href":"https:\/\/www.visionweb.com.ar\/index.php?rest_route=%2Fwp%2Fv2%2Fcomments&post=11417"}],"version-history":[{"count":1,"href":"https:\/\/www.visionweb.com.ar\/index.php?rest_route=\/wp\/v2\/posts\/11417\/revisions"}],"predecessor-version":[{"id":11419,"href":"https:\/\/www.visionweb.com.ar\/index.php?rest_route=\/wp\/v2\/posts\/11417\/revisions\/11419"}],"wp:featuredmedia":[{"embeddable":true,"href":"https:\/\/www.visionweb.com.ar\/index.php?rest_route=\/wp\/v2\/media\/11418"}],"wp:attachment":[{"href":"https:\/\/www.visionweb.com.ar\/index.php?rest_route=%2Fwp%2Fv2%2Fmedia&parent=11417"}],"wp:term":[{"taxonomy":"category","embeddable":true,"href":"https:\/\/www.visionweb.com.ar\/index.php?rest_route=%2Fwp%2Fv2%2Fcategories&post=11417"},{"taxonomy":"post_tag","embeddable":true,"href":"https:\/\/www.visionweb.com.ar\/index.php?rest_route=%2Fwp%2Fv2%2Ftags&post=11417"}],"curies":[{"name":"wp","href":"https:\/\/api.w.org\/{rel}","templated":true}]}}