{"id":11411,"date":"2023-08-11T10:20:04","date_gmt":"2023-08-11T13:20:04","guid":{"rendered":"https:\/\/www.visionweb.com.ar\/?p=11411"},"modified":"2023-08-11T10:20:04","modified_gmt":"2023-08-11T13:20:04","slug":"el-proximo-lunes-habra-clases-en-la-provincia-de-buenos-aires","status":"publish","type":"post","link":"https:\/\/www.visionweb.com.ar\/?p=11411","title":{"rendered":"El pr\u00f3ximo lunes habr\u00e1 clases en la provincia de Buenos Aires"},"content":{"rendered":"<p><em><strong>Habr\u00e1 clases luego de las elecciones PASO del domingo. Los auxiliares de las escuelas se encargar\u00e1n de la limpieza y el orden de los establecimientos, luego del cierre de los comicios, es decir desde las 18 horas hasta las 24.<\/strong><\/em><!--more--><\/p>\n<p><img loading=\"lazy\" decoding=\"async\" class=\"size-medium wp-image-11412 alignright\" src=\"https:\/\/www.visionweb.com.ar\/wp-content\/uploads\/2023\/08\/a-clases-300x176.png\" alt=\"\" width=\"300\" height=\"176\" srcset=\"https:\/\/www.visionweb.com.ar\/wp-content\/uploads\/2023\/08\/a-clases-300x176.png 300w, https:\/\/www.visionweb.com.ar\/wp-content\/uploads\/2023\/08\/a-clases.png 386w\" sizes=\"auto, (max-width: 300px) 100vw, 300px\" \/>\u00a0 <strong>L<\/strong>a\u00a0<strong>Direcci\u00f3n General de Cultura y Educaci\u00f3n (DGCyE)<\/strong>\u00a0bonaerense emiti\u00f3 un comunicado en el cual confirm\u00f3 que\u00a0<strong>habr\u00e1 clases el 14 de agosto, y para ello, los establecimientos educativos ser\u00e1n higienizados y desinfectados para abrir sus puertas con normalidad, luego del cierre de los comicios.<\/strong><\/p>\n<p>Este domingo 13 de agosto se elegir\u00e1n los candidatos a presidente y vicepresidente que competir\u00e1n por el Poder Ejecutivo en las elecciones generales el pr\u00f3ximo 22 de octubre. Tambi\u00e9n \u00a0los habitantes de la provincia de Buenos Aires elegir\u00e1n los candidatos a gobernador y vice, legisladores provinciales, intendentes, concejales y autoridades de los municipios.<\/p>\n<p>Los comicios se llevan a cabo en escuelas y universidades, generalmente de gesti\u00f3n estatal, como tambi\u00e9n se desarrollan en las privadas.<\/p>\n<p>En este marco, la DGCyE confirm\u00f3 que este\u00a0<strong>lunes 14 de agosto se dictar\u00e1n clases<\/strong>, en el horario completo habitual, en las escuelas bonaerenses que fueron designadas como centros de votaci\u00f3n.<\/p>\n<p>Para lograr esto, a trav\u00e9s de la\u00a0<strong>Resoluci\u00f3n 3066\/2023<\/strong>, se dispuso la creaci\u00f3n de un<strong>\u00a0suplemento no remunerativo<\/strong>\u00a0<strong>y no bonificable de 12.500 pesos<\/strong>\u00a0para que el\u00a0<strong>personal auxiliar<\/strong>\u00a0de la educaci\u00f3n realice las actividades de su competencia luego del cierre de los actos electorales del 13 de agosto, 22 de octubre y, eventualmente, 19 de noviembre.<\/p>\n<p>Seg\u00fan detall\u00f3 la DGCyE, las tareas de los auxiliares implican ordenar, limpiar y desinfectar todos los espacios del edificio escolar que se hayan visto afectados por la realizaci\u00f3n de los comicios, incluyendo el mobiliario. Asimismo, de acuerdo a la resoluci\u00f3n, los establecimientos de gesti\u00f3n privada deben tomar las medidas necesarias para que la jornada escolar se realice con normalidad en su horario habitual.<\/p>\n<p>Se estima que esta tarea demandar\u00e1 6 horas por cada 4 mesas electorales que hayan funcionado en el establecimiento. Por tanto, las tareas mencionadas deber\u00e1n realizarse con posterioridad al cierre de los comicios, entre las 18 y las 24 del d\u00eda de la elecci\u00f3n. <strong>(VW)<\/strong><\/p>\n","protected":false},"excerpt":{"rendered":"<p>Habr\u00e1 clases luego de las elecciones PASO del domingo. Los auxiliares de las escuelas se encargar\u00e1n de la limpieza y el orden de los establecimientos, luego del cierre de los comicios, es decir desde&#46;&#46;&#46;<\/p>\n","protected":false},"author":4,"featured_media":11412,"comment_status":"closed","ping_status":"closed","sticky":false,"template":"","format":"standard","meta":{"_monsterinsights_skip_tracking":false,"_monsterinsights_sitenote_active":false,"_monsterinsights_sitenote_note":"","_monsterinsights_sitenote_category":0,"footnotes":""},"categories":[8],"tags":[4752,430,4751,356],"class_list":["post-11411","post","type-post","status-publish","format-standard","has-post-thumbnail","hentry","category-interes-general","tag-dgcye","tag-escuelas","tag-lunes-14-habra-clases","tag-provincia"],"_links":{"self":[{"href":"https:\/\/www.visionweb.com.ar\/index.php?rest_route=\/wp\/v2\/posts\/11411","targetHints":{"allow":["GET"]}}],"collection":[{"href":"https:\/\/www.visionweb.com.ar\/index.php?rest_route=\/wp\/v2\/posts"}],"about":[{"href":"https:\/\/www.visionweb.com.ar\/index.php?rest_route=\/wp\/v2\/types\/post"}],"author":[{"embeddable":true,"href":"https:\/\/www.visionweb.com.ar\/index.php?rest_route=\/wp\/v2\/users\/4"}],"replies":[{"embeddable":true,"href":"https:\/\/www.visionweb.com.ar\/index.php?rest_route=%2Fwp%2Fv2%2Fcomments&post=11411"}],"version-history":[{"count":1,"href":"https:\/\/www.visionweb.com.ar\/index.php?rest_route=\/wp\/v2\/posts\/11411\/revisions"}],"predecessor-version":[{"id":11413,"href":"https:\/\/www.visionweb.com.ar\/index.php?rest_route=\/wp\/v2\/posts\/11411\/revisions\/11413"}],"wp:featuredmedia":[{"embeddable":true,"href":"https:\/\/www.visionweb.com.ar\/index.php?rest_route=\/wp\/v2\/media\/11412"}],"wp:attachment":[{"href":"https:\/\/www.visionweb.com.ar\/index.php?rest_route=%2Fwp%2Fv2%2Fmedia&parent=11411"}],"wp:term":[{"taxonomy":"category","embeddable":true,"href":"https:\/\/www.visionweb.com.ar\/index.php?rest_route=%2Fwp%2Fv2%2Fcategories&post=11411"},{"taxonomy":"post_tag","embeddable":true,"href":"https:\/\/www.visionweb.com.ar\/index.php?rest_route=%2Fwp%2Fv2%2Ftags&post=11411"}],"curies":[{"name":"wp","href":"https:\/\/api.w.org\/{rel}","templated":true}]}}