{"id":11409,"date":"2023-08-11T09:46:18","date_gmt":"2023-08-11T12:46:18","guid":{"rendered":"https:\/\/www.visionweb.com.ar\/?p=11409"},"modified":"2023-08-11T09:46:18","modified_gmt":"2023-08-11T12:46:18","slug":"comenzo-la-veda-electoral-y-se-extendera-hasta-las-21-horas-del-domingo","status":"publish","type":"post","link":"https:\/\/www.visionweb.com.ar\/?p=11409","title":{"rendered":"Comenz\u00f3 la veda electoral\u00a0y se extender\u00e1 hasta las 21 horas del domingo"},"content":{"rendered":"<p><em><strong>Se trata de la prohibici\u00f3n de realizar actos p\u00fablicos de campa\u00f1a y actividades de proselitismo. Comenz\u00f3 a regir a las 8 de hoy hasta el domingo 13 de agosto a las 21. La prohibici\u00f3n de venta de alcohol rige desde las 20 del s\u00e1bado.<\/strong><\/em><!--more--><\/p>\n<p><strong><img loading=\"lazy\" decoding=\"async\" class=\"size-medium wp-image-11058 alignright\" src=\"https:\/\/www.visionweb.com.ar\/wp-content\/uploads\/2023\/06\/CAMARA-NACIONAL-ELECTORAL-300x200.png\" alt=\"\" width=\"300\" height=\"200\" srcset=\"https:\/\/www.visionweb.com.ar\/wp-content\/uploads\/2023\/06\/CAMARA-NACIONAL-ELECTORAL-300x200.png 300w, https:\/\/www.visionweb.com.ar\/wp-content\/uploads\/2023\/06\/CAMARA-NACIONAL-ELECTORAL.png 640w\" sizes=\"auto, (max-width: 300px) 100vw, 300px\" \/>\u00a0\u00a0 L<\/strong>a veda electoral para las\u00a0<strong>elecciones primarias, abiertas, simult\u00e1neas y obligatorias (PASO) 2023<\/strong>, del pr\u00f3ximo domingo 13, ya comenz\u00f3 desde las 8 horas de esta ma\u00f1ana, y \u00a0se trata de un \u00absilencio electoral\u00bb o \u00abjornada de reflexi\u00f3n\u00bb.<\/p>\n<p>La veda electoral es el lapso durante el cual rigen una serie de prohibiciones legales vinculadas a la propaganda pol\u00edtica, como <strong>realizar actos p\u00fablicos de campa\u00f1a y actividades de proselitismo<\/strong>.<\/p>\n<p>De acuerdo a lo estipulado por <strong>el C\u00f3digo Nacional Electoral, se proh\u00edbe estas acciones, tanto para los candidatos y sus partidos, como para los ciudadanos y ciudadanas<\/strong>.<\/p>\n<p>Seg\u00fan la normativa vigente<strong>, la veda electoral comienza 48 horas antes de la votaci\u00f3n<\/strong>, por lo que en las elecciones PASO 2023\u00a0<strong>regir\u00e1 a partir de este viernes 11, a las 8 de la ma\u00f1ana<\/strong>.<\/p>\n<p>A partir de ese momento, quedan prohibidas varias actividades que se encuentran destalladas en el art\u00edculo 71 del C\u00f3digo Nacional Electoral, entre ellas, la venta de alcohol.<\/p>\n<p>S<strong>e extender\u00e1 hasta las 21:00 horas del domingo 13 de agosto<\/strong>, tres horas despu\u00e9s de que cierren los comicios. Estos comenzar\u00e1n a las 8:00 de la ma\u00f1ana y finalizar\u00e1n a las 18:00 horas. La veda aplica tanto a candidatos y a los votantes.<\/p>\n<p>Las\u00a0<strong>actividades que estar\u00e1n prohibidas<\/strong>\u00a0durante la veda electoral:<\/p>\n<ul>\n<li>Reuniones de electoras y electores o dep\u00f3sito de armas en casas dentro de un radio de ochenta metros alrededor de la mesa receptora de votos.<\/li>\n<li>Espect\u00e1culos, fiestas teatrales, deportivas y cualquier reuni\u00f3n p\u00fablica que no se refieran al acto electoral.<\/li>\n<li>Tener abiertas las casas destinadas al expendio de cualquier clase de bebidas alcoh\u00f3licas.<\/li>\n<li>Ofrecer o entregar boletas de sufragio dentro de un radio de ochenta metros de los lugares de votaci\u00f3n.<\/li>\n<li>A los electoras y electores, la portaci\u00f3n de armas, el uso de banderas, divisas u otros distintivos.<\/li>\n<li>Realizar actos p\u00fablicos de proselitismo y publicar y difundir encuestas y sondeos preelectorales y de proyecci\u00f3n sobre el resultado.<\/li>\n<li>Abrir los locales partidarios ubicados dentro de un radio de ochenta metros de los lugares de votaci\u00f3n.<\/li>\n<\/ul>\n<p>Sin embargo, la venta de <strong>bebidas alcoh\u00f3licas tiene un lapso diferente, ya que la prohibici\u00f3n rige desde las 20 horas del s\u00e1bado hasta tres horas despu\u00e9s del cierre de comicios<\/strong>, o sea las 21 del domingo.<\/p>\n<p>A pesar de que desde la C\u00e1mara Nacional Electoral ya han aclarado en elecciones pasadas que las propagandas proselitistas en las redes sociales se encuentran contempladas dentro de la prohibici\u00f3n que establece la ley, es un \u00e1mbito muy complejo de controlar. <strong>(VW)<\/strong><\/p>\n","protected":false},"excerpt":{"rendered":"<p>Se trata de la prohibici\u00f3n de realizar actos p\u00fablicos de campa\u00f1a y actividades de proselitismo. Comenz\u00f3 a regir a las 8 de hoy hasta el domingo 13 de agosto a las 21. La prohibici\u00f3n&#46;&#46;&#46;<\/p>\n","protected":false},"author":4,"featured_media":11058,"comment_status":"closed","ping_status":"closed","sticky":false,"template":"","format":"standard","meta":{"_monsterinsights_skip_tracking":false,"_monsterinsights_sitenote_active":false,"_monsterinsights_sitenote_note":"","_monsterinsights_sitenote_category":0,"footnotes":""},"categories":[8],"tags":[4749,4748,4750],"class_list":["post-11409","post","type-post","status-publish","format-standard","has-post-thumbnail","hentry","category-interes-general","tag-paso-2023","tag-veda-electoral","tag-venta-de-alcohol"],"_links":{"self":[{"href":"https:\/\/www.visionweb.com.ar\/index.php?rest_route=\/wp\/v2\/posts\/11409","targetHints":{"allow":["GET"]}}],"collection":[{"href":"https:\/\/www.visionweb.com.ar\/index.php?rest_route=\/wp\/v2\/posts"}],"about":[{"href":"https:\/\/www.visionweb.com.ar\/index.php?rest_route=\/wp\/v2\/types\/post"}],"author":[{"embeddable":true,"href":"https:\/\/www.visionweb.com.ar\/index.php?rest_route=\/wp\/v2\/users\/4"}],"replies":[{"embeddable":true,"href":"https:\/\/www.visionweb.com.ar\/index.php?rest_route=%2Fwp%2Fv2%2Fcomments&post=11409"}],"version-history":[{"count":1,"href":"https:\/\/www.visionweb.com.ar\/index.php?rest_route=\/wp\/v2\/posts\/11409\/revisions"}],"predecessor-version":[{"id":11410,"href":"https:\/\/www.visionweb.com.ar\/index.php?rest_route=\/wp\/v2\/posts\/11409\/revisions\/11410"}],"wp:featuredmedia":[{"embeddable":true,"href":"https:\/\/www.visionweb.com.ar\/index.php?rest_route=\/wp\/v2\/media\/11058"}],"wp:attachment":[{"href":"https:\/\/www.visionweb.com.ar\/index.php?rest_route=%2Fwp%2Fv2%2Fmedia&parent=11409"}],"wp:term":[{"taxonomy":"category","embeddable":true,"href":"https:\/\/www.visionweb.com.ar\/index.php?rest_route=%2Fwp%2Fv2%2Fcategories&post=11409"},{"taxonomy":"post_tag","embeddable":true,"href":"https:\/\/www.visionweb.com.ar\/index.php?rest_route=%2Fwp%2Fv2%2Ftags&post=11409"}],"curies":[{"name":"wp","href":"https:\/\/api.w.org\/{rel}","templated":true}]}}