{"id":11406,"date":"2023-08-10T14:23:39","date_gmt":"2023-08-10T17:23:39","guid":{"rendered":"https:\/\/www.visionweb.com.ar\/?p=11406"},"modified":"2023-08-10T14:23:39","modified_gmt":"2023-08-10T17:23:39","slug":"inseguridad-un-pais-conmocionado-frente-al-brutal-asesinato-de-morena","status":"publish","type":"post","link":"https:\/\/www.visionweb.com.ar\/?p=11406","title":{"rendered":"Inseguridad: Un pa\u00eds conmocionado frente al brutal asesinato de Morena"},"content":{"rendered":"<p><em><strong>Los espacios pol\u00edticos cancelaron todos los cierres de campa\u00f1a previstos para ayer y hoy jueves, quiz\u00e1s en un dejo de humanidad, o verg\u00fcenza. Fall\u00f3 el pa\u00eds. El Presidente se mantuvo en silencio. La ni\u00f1a \u00a0muri\u00f3 como consecuencia de \u00abun fuerte golpe en la zona abdominal\u00bb, se\u00f1al\u00f3 la autopsia preliminar.<\/strong><\/em><!--more--><\/p>\n<p><strong><img loading=\"lazy\" decoding=\"async\" class=\"size-medium wp-image-11407 alignright\" src=\"https:\/\/www.visionweb.com.ar\/wp-content\/uploads\/2023\/08\/a-morena-300x195.png\" alt=\"\" width=\"300\" height=\"195\" srcset=\"https:\/\/www.visionweb.com.ar\/wp-content\/uploads\/2023\/08\/a-morena-300x195.png 300w, https:\/\/www.visionweb.com.ar\/wp-content\/uploads\/2023\/08\/a-morena.png 429w\" sizes=\"auto, (max-width: 300px) 100vw, 300px\" \/>\u00a0\u00a0 E<\/strong>l grave hecho de inseguridad en el conurbano dej\u00f3 golpeada a toda la sociedad, frente a la muerte de la ni\u00f1a que fue brutalmente golpeada en un asalto en Lan\u00fas, mientras que en la pol\u00edtica se cargan responsabilidades unos a otros, en medio de la degradaci\u00f3n de un pa\u00eds donde no hay un punto \u00f3ptimo, ll\u00e1mese educaci\u00f3n, salud, econom\u00eda, impunidad, inseguridad, justicia.<\/p>\n<p>En ese contexto, esta ma\u00f1ana, el ministro de Seguridad de la Naci\u00f3n, <strong>An\u00edbal Fern\u00e1ndez tom\u00f3 distancia del crimen de la nena: \u00abNo tengo por qu\u00e9 meterme\u00bb. Dijo no tener jurisdicci\u00f3n en el crimen de Morena Dom\u00ednguez.<\/strong><\/p>\n<p>El funcionario nacional dijo que su cartera no tiene jurisdicci\u00f3n all\u00ed: <strong>\u201cSoy responsable de la seguridad de determinados aspectos federales, no tengo jurisdicci\u00f3n, no tengo por qu\u00e9 meterme en ese tema, no es un partido de f\u00fatbol para llamar y comentar\u201d,<\/strong>\u00a0dijo esta ma\u00f1ana en las puertas de su oficina.<\/p>\n<p>Y agreg\u00f3 que se trata de \u201cun tema que est\u00e1 en una jurisdicci\u00f3n que no tiene nada que ver con nosotros, pero que miramos con mucha atenci\u00f3n y mucho dolor\u201d.<\/p>\n<p><strong>Los detenidos por el crimen<\/strong>: Los hermanos Miguel y Dar\u00edo Madariaga, detenidos por el crimen de Morena <strong>ser\u00e1n indagados <\/strong>hoy por la fiscal de la causa, mientras que familiares y allegados a la v\u00edctima despiden sus restos.<\/p>\n<p>Los hermanos\u00a0Miguel \u00c1ngel Madariaga\u00a0(28), alias \u00abMiguelito\u00bb, y\u00a0Dar\u00edo Humberto Madariaga\u00a0(25) ser\u00e1n indagados por la fiscal\u00a0<strong>Silvia Bussano<\/strong>, titular de la Unidad Funcional de Instrucci\u00f3n (UFI) 7 de Lan\u00fas, quien les imput\u00f3 el\u00a0<strong>delito de \u00abhomicidio en ocasi\u00f3n de robo en concurso real con encubrimiento\u00bb, que prev\u00e9 una pena en expectativa de 10 a 25 a\u00f1os de prisi\u00f3n,<\/strong>\u00a0seg\u00fan el art\u00edculo 165 del C\u00f3digo Penal de la Naci\u00f3n.<\/p>\n<p>En paralelo,\u00a0<strong> ayer a la noche son velados los restos de Morena Dom\u00ednguez en la casa de su padre<\/strong>, ubicada en la calle Itapir\u00fa al 4300, en la localidad de Lan\u00fas. Hoy son trasladados al cementerio de Lan\u00fas en Remedios de Escalada este.<\/p>\n<p>Mediante un an\u00e1lisis de las c\u00e1maras de seguridad del municipio, los investigadores policiales lograron detener a los hermanos Madariaga como los presuntos autores del hecho.<\/p>\n<p>Si bien en un principio las pesquisas hab\u00edan asegurado que por el crimen de Morena hab\u00eda sido detenido un adolescente de 14 a\u00f1os, el ministro de Seguridad de la Provincia, Sergio Berni, confirm\u00f3 a la prensa que no hay menores de edad vinculados con el hecho.<\/p>\n<p>Los investigadores judiciales explicaron que los hermanos Madariaga formaban parte de un grupo de j\u00f3venes, varios de ellos menores de edad, que son conocidos en el barrio por cometer robos y distintos delitos.<\/p>\n<p><strong>La autopsia<\/strong>: El <strong>resultado preliminar<\/strong> de la autopsia realizada en la Morgue Judicial de Lomas de Zamora se\u00f1al\u00f3 que\u00a0<strong>Morena muri\u00f3 como consecuencia de \u00abun fuerte golpe en la zona abdominal\u00bb que le provoc\u00f3 lesiones en el ri\u00f1\u00f3n y en el h\u00edgado y sufri\u00f3 una \u00abhemorragia interna\u00bb<\/strong>.<\/p>\n<p>Morena se descompens\u00f3 mientras esperaba la asistencia del SAME y, cuando lleg\u00f3 la ambulancia, el m\u00e9dico realiz\u00f3 maniobras de reanimaci\u00f3n y la trasladaron en estado cr\u00edtico al Hospital Evita, donde falleci\u00f3 producto de un paro cardiorrespiratorio, seg\u00fan inform\u00f3 la polic\u00eda.<\/p>\n<p>Daiana, una de las vecinas y enfermera que asisti\u00f3 a la ni\u00f1a tras el robo, dijo: \u201cYo la encontr\u00e9 porque era la hora que entraba mi nene al jard\u00edn y cuando llegu\u00e9, eso ya hab\u00eda pasado. Antes que yo, no le hab\u00edan hecho nadie RCP. Creo que no se hab\u00edan dado cuenta de que<strong>\u00a0estaba en un momento muy cr\u00edtico<\/strong>.\u00a0<strong>Cinco minutos despu\u00e9s lleg\u00f3 la ambulancia<\/strong>. Los m\u00e9dicos la entubaron, le pusieron el desfibrilador y con eso le seguimos haciendo las compresiones y le pas\u00e1bamos ox\u00edgeno, pero no hab\u00eda reacci\u00f3n.\u00a0La acompa\u00f1\u00e9 hasta el hospital y lleg\u00f3 inconsciente\u201d.<\/p>\n<p><strong>La pol\u00edtica: <\/strong>Todos los partidos, tanto Uni\u00f3n por la Patria, Juntos por el Cambio, \u00a0Frente de Izquierda de los Trabajadores, entre otros,<strong> \u00a0suspendieron todos los cierres de campa\u00f1a <\/strong>que estaban previstos para ayer y hoy.<\/p>\n<p>En cuanto se supo del asesinato en Lan\u00fas, <strong>el\u00a0Presidente<\/strong> se mantuvo sin actividad oficial en la Casa Rosada, donde imperaba\u00a0<strong>un silencio total del Gobierno, que ya evalu\u00f3 con preocupaci\u00f3n\u00a0<\/strong>el desenlace de este caso, en t\u00e9rminos electorales.<\/p>\n<p><strong>Silencio absoluto<\/strong>:\u00a0<strong>Ning\u00fan funcionario nacional se anim\u00f3 ayer a hablar p\u00fablicamente del tema, hasta esta ma\u00f1ana, que se conocieron las declaraciones de An\u00edbal Fern\u00e1ndez. <\/strong><\/p>\n<p><strong>\u00abNo tenemos informaci\u00f3n\u00bb, <\/strong>hab\u00edan expresado desde la vocer\u00eda oficial que lidera <strong>Gabriela Cerruti.<\/strong><\/p>\n<p><strong>En Lan\u00fas<\/strong>: El jefe de Gabinete de Lan\u00fas, Diego Kravetz, habl\u00f3 tras el crimen de la ni\u00f1a: \u201cM\u00e1s all\u00e1 de qui\u00e9n es el responsable (de la seguridad)\u00a0<strong>estamos ante un hecho tremendo\u201d<\/strong>. Y agreg\u00f3: \u201c<strong>Los delincuentes se sienten impunes<\/strong>. Es una banda, act\u00faan como un grupo para delinquir. Estamos ante un problema de leyes y de Justicia\u201d.<\/p>\n<p>Y remarc\u00f3 que durante los hechos ocurridos ayer frente a la comisar\u00eda 5ta. \u201cmarch\u00f3 la gente del kirchnerismo. Todo lo que pas\u00f3 despu\u00e9s, es el Movimiento Evita. Tenemos los mensajes\u201d, dijo.<\/p>\n<p>Mientras tanto el intendente de Lan\u00fas, y precandidato a gobernador de la Provincia, N\u00e9stor Grindetti, apunt\u00f3 contra la \u201cpat\u00e9tica ausencia del estado\u201d.<\/p>\n<p>Cabe recordar que desde hace mucho tiempo Grindetti ped\u00eda el pase de la polic\u00eda a jurisdicci\u00f3n municipal: \u201cDesde el municipio le venimos poniendo el pecho al problema de la inseguridad. Pusimos mil c\u00e1maras, 13 mil botones de p\u00e1nico, triplicamos los m\u00f3viles, ponemos, ponemos&#8230; pero<strong>\u00a0ven\u00edamos advirtiendo que faltan cosas<\/strong>\u201d, indic\u00f3. <strong>(VW)<\/strong><\/p>\n","protected":false},"excerpt":{"rendered":"<p>Los espacios pol\u00edticos cancelaron todos los cierres de campa\u00f1a previstos para ayer y hoy jueves, quiz\u00e1s en un dejo de humanidad, o verg\u00fcenza. Fall\u00f3 el pa\u00eds. El Presidente se mantuvo en silencio. La ni\u00f1a&#46;&#46;&#46;<\/p>\n","protected":false},"author":4,"featured_media":11407,"comment_status":"closed","ping_status":"closed","sticky":false,"template":"","format":"standard","meta":{"_monsterinsights_skip_tracking":false,"_monsterinsights_sitenote_active":false,"_monsterinsights_sitenote_note":"","_monsterinsights_sitenote_category":0,"footnotes":""},"categories":[4,5],"tags":[240,19,4747],"class_list":["post-11406","post","type-post","status-publish","format-standard","has-post-thumbnail","hentry","category-politica","category-sociedad","tag-inseguridad","tag-lanus","tag-morena-dominguez"],"_links":{"self":[{"href":"https:\/\/www.visionweb.com.ar\/index.php?rest_route=\/wp\/v2\/posts\/11406","targetHints":{"allow":["GET"]}}],"collection":[{"href":"https:\/\/www.visionweb.com.ar\/index.php?rest_route=\/wp\/v2\/posts"}],"about":[{"href":"https:\/\/www.visionweb.com.ar\/index.php?rest_route=\/wp\/v2\/types\/post"}],"author":[{"embeddable":true,"href":"https:\/\/www.visionweb.com.ar\/index.php?rest_route=\/wp\/v2\/users\/4"}],"replies":[{"embeddable":true,"href":"https:\/\/www.visionweb.com.ar\/index.php?rest_route=%2Fwp%2Fv2%2Fcomments&post=11406"}],"version-history":[{"count":1,"href":"https:\/\/www.visionweb.com.ar\/index.php?rest_route=\/wp\/v2\/posts\/11406\/revisions"}],"predecessor-version":[{"id":11408,"href":"https:\/\/www.visionweb.com.ar\/index.php?rest_route=\/wp\/v2\/posts\/11406\/revisions\/11408"}],"wp:featuredmedia":[{"embeddable":true,"href":"https:\/\/www.visionweb.com.ar\/index.php?rest_route=\/wp\/v2\/media\/11407"}],"wp:attachment":[{"href":"https:\/\/www.visionweb.com.ar\/index.php?rest_route=%2Fwp%2Fv2%2Fmedia&parent=11406"}],"wp:term":[{"taxonomy":"category","embeddable":true,"href":"https:\/\/www.visionweb.com.ar\/index.php?rest_route=%2Fwp%2Fv2%2Fcategories&post=11406"},{"taxonomy":"post_tag","embeddable":true,"href":"https:\/\/www.visionweb.com.ar\/index.php?rest_route=%2Fwp%2Fv2%2Ftags&post=11406"}],"curies":[{"name":"wp","href":"https:\/\/api.w.org\/{rel}","templated":true}]}}