{"id":11400,"date":"2023-08-10T11:24:32","date_gmt":"2023-08-10T14:24:32","guid":{"rendered":"https:\/\/www.visionweb.com.ar\/?p=11400"},"modified":"2023-08-10T11:24:32","modified_gmt":"2023-08-10T14:24:32","slug":"tren-roca-trabajadores-tercerizados-cortaran-las-vias-a-la-altura-de-la-estacion-avellaneda","status":"publish","type":"post","link":"https:\/\/www.visionweb.com.ar\/?p=11400","title":{"rendered":"Tren Roca: Trabajadores tercerizados cortar\u00e1n las v\u00edas a la altura de la estaci\u00f3n Avellaneda"},"content":{"rendered":"<p><em><strong>El grupo en conflicto apuesta a una reuni\u00f3n con representantes del Ministerio de Trabajo y Transporte para conseguir el pase a planta permanente. La medida est\u00e1 prevista para hoy a las 12:30.<\/strong><\/em><!--more--><\/p>\n<div id=\"attachment_11401\" style=\"width: 310px\" class=\"wp-caption alignright\"><img loading=\"lazy\" decoding=\"async\" aria-describedby=\"caption-attachment-11401\" class=\"wp-image-11401 size-medium\" src=\"https:\/\/www.visionweb.com.ar\/wp-content\/uploads\/2023\/08\/a-tren-300x164.png\" alt=\"\" width=\"300\" height=\"164\" srcset=\"https:\/\/www.visionweb.com.ar\/wp-content\/uploads\/2023\/08\/a-tren-300x164.png 300w, https:\/\/www.visionweb.com.ar\/wp-content\/uploads\/2023\/08\/a-tren.png 486w\" sizes=\"auto, (max-width: 300px) 100vw, 300px\" \/><p id=\"caption-attachment-11401\" class=\"wp-caption-text\">Corte dev\u00edas. Imagen de archivo<\/p><\/div>\n<p><strong>T<\/strong>rabajadores tercerizados del\u00a0<strong>Tren Roca cortar\u00e1n este jueves las v\u00edas a la altura de la estaci\u00f3n Avellaneda<\/strong>, en un nuevo reclamo por su pase a la planta permanente, desde las 12.30 del mediod\u00eda de este jueves 10 de agosto.<\/p>\n<p><strong>La medida de fuerza comenzar\u00e1 a las 12.30\u00a0<\/strong>e interrumpir\u00e1 el\u00a0funcionamiento de las formaciones en ambos sentidos en esa\u00a0localidad del sur bonaerense<strong>\u00a0\u201cpor tiempo indeterminado\u201d.<\/strong><\/p>\n<p>El reclamo, que ya lleva m\u00e1s de dos a\u00f1os, exije el\u00a0pase a planta de 240 empleados contratados que cumplen tareas como seguridad privada.<\/p>\n<p>En ese sentido, el vocero de los trabajadores,\u00a0<strong>Mario Pi\u00f1eiro<\/strong>, se\u00f1al\u00f3 que\u00a0solicitar\u00e1n reunirse<strong>\u00a0\u201ccon representantes del Ministerio de Trabajo\u00a0y de Transporte\u201d,\u00a0<\/strong>a cargo de<strong>\u00a0Raquel Kelly Olmos y Diego\u00a0Giuliano, respectivamente,<\/strong>\u00a0para tratar de hallar una soluci\u00f3n al conflicto.<\/p>\n<p>El objetivo es lograr que pasen a\u00a0<strong>planta permanente unos 240\u00a0trabajadores, quienes se desempe\u00f1an actualmente en el \u00e1rea de\u00a0seguridad,\u00a0<\/strong>y tienen una relaci\u00f3n laboral mediante contratos que se\u00a0renuevan anualmente.<\/p>\n<p>\u201cHace dos a\u00f1os y medio que estamos con este plan de lucha y\u00a0seguiremos reclamando hasta que los compa\u00f1eros sean incorporados a\u00a0planta, aunque\u00a0<strong>por ahora la empresa no dio ninguna respuesta a los\u00a0reclamos<\/strong>, indic\u00f3 Pi\u00f1eiro.<\/p>\n<p>Los trabajadores en conflicto ya hab\u00edan anunciado la medida el martes por la tarde. \u00abAnte la\u00a0<strong>negativa al di\u00e1logo y falta de respuesta<\/strong>\u00a0de SOFSE y Ministerios de Transporte y Trabajo se da aviso que el d\u00eda jueves 10\/8 el servicio estar\u00e1 interrumpido\u00bb, anticiparon en un posteo de Facebook.<\/p>\n<p>\u00abSepan disculpar las molestias ocasionadas, pero este es el \u00fanico medio que tenemos para que se sienten a dialogar seriamente sobre el conflicto que tenemos\u00bb, declararon. <strong>(VW)<\/strong><\/p>\n","protected":false},"excerpt":{"rendered":"<p>El grupo en conflicto apuesta a una reuni\u00f3n con representantes del Ministerio de Trabajo y Transporte para conseguir el pase a planta permanente. La medida est\u00e1 prevista para hoy a las 12:30.<\/p>\n","protected":false},"author":4,"featured_media":11401,"comment_status":"closed","ping_status":"closed","sticky":false,"template":"","format":"standard","meta":{"_monsterinsights_skip_tracking":false,"_monsterinsights_sitenote_active":false,"_monsterinsights_sitenote_note":"","_monsterinsights_sitenote_category":0,"footnotes":""},"categories":[4,5],"tags":[4742,4743,4744,3441],"class_list":["post-11400","post","type-post","status-publish","format-standard","has-post-thumbnail","hentry","category-politica","category-sociedad","tag-corte-de-vias","tag-sofse","tag-trabajadores-tercerizados","tag-tren-roca"],"_links":{"self":[{"href":"https:\/\/www.visionweb.com.ar\/index.php?rest_route=\/wp\/v2\/posts\/11400","targetHints":{"allow":["GET"]}}],"collection":[{"href":"https:\/\/www.visionweb.com.ar\/index.php?rest_route=\/wp\/v2\/posts"}],"about":[{"href":"https:\/\/www.visionweb.com.ar\/index.php?rest_route=\/wp\/v2\/types\/post"}],"author":[{"embeddable":true,"href":"https:\/\/www.visionweb.com.ar\/index.php?rest_route=\/wp\/v2\/users\/4"}],"replies":[{"embeddable":true,"href":"https:\/\/www.visionweb.com.ar\/index.php?rest_route=%2Fwp%2Fv2%2Fcomments&post=11400"}],"version-history":[{"count":1,"href":"https:\/\/www.visionweb.com.ar\/index.php?rest_route=\/wp\/v2\/posts\/11400\/revisions"}],"predecessor-version":[{"id":11402,"href":"https:\/\/www.visionweb.com.ar\/index.php?rest_route=\/wp\/v2\/posts\/11400\/revisions\/11402"}],"wp:featuredmedia":[{"embeddable":true,"href":"https:\/\/www.visionweb.com.ar\/index.php?rest_route=\/wp\/v2\/media\/11401"}],"wp:attachment":[{"href":"https:\/\/www.visionweb.com.ar\/index.php?rest_route=%2Fwp%2Fv2%2Fmedia&parent=11400"}],"wp:term":[{"taxonomy":"category","embeddable":true,"href":"https:\/\/www.visionweb.com.ar\/index.php?rest_route=%2Fwp%2Fv2%2Fcategories&post=11400"},{"taxonomy":"post_tag","embeddable":true,"href":"https:\/\/www.visionweb.com.ar\/index.php?rest_route=%2Fwp%2Fv2%2Ftags&post=11400"}],"curies":[{"name":"wp","href":"https:\/\/api.w.org\/{rel}","templated":true}]}}