{"id":11394,"date":"2023-08-09T11:03:21","date_gmt":"2023-08-09T14:03:21","guid":{"rendered":"https:\/\/www.visionweb.com.ar\/?p=11394"},"modified":"2023-08-09T11:03:21","modified_gmt":"2023-08-09T14:03:21","slug":"nueva-inscripcion-a-las-becas-progresar","status":"publish","type":"post","link":"https:\/\/www.visionweb.com.ar\/?p=11394","title":{"rendered":"Nueva inscripci\u00f3n a las\u00a0Becas Progresar"},"content":{"rendered":"<p><em><strong>Se trata de la segunda convocatoria del a\u00f1o, y estar\u00e1 abierta hasta el 31 de agosto.<\/strong><\/em><!--more--><\/p>\n<p><strong> <img loading=\"lazy\" decoding=\"async\" class=\"size-medium wp-image-11395 alignright\" src=\"https:\/\/www.visionweb.com.ar\/wp-content\/uploads\/2023\/08\/a-rpogresar-300x250.png\" alt=\"\" width=\"300\" height=\"250\" srcset=\"https:\/\/www.visionweb.com.ar\/wp-content\/uploads\/2023\/08\/a-rpogresar-300x250.png 300w, https:\/\/www.visionweb.com.ar\/wp-content\/uploads\/2023\/08\/a-rpogresar.png 326w\" sizes=\"auto, (max-width: 300px) 100vw, 300px\" \/> Y<\/strong>a abri\u00f3 la segunda convocatoria del a\u00f1o a las\u00a0<strong>Becas Progresar<\/strong>, que estar\u00e1 vigente hasta el 31 de agosto, seg\u00fan inform\u00f3\u00a0<a href=\"http:\/\/www.anses.gob.ar\/\">La Administraci\u00f3n Nacional de la Seguridad Social (ANSES)<\/a>\u00a0en conjunto con el Ministerio de Educaci\u00f3n de la Naci\u00f3n.<\/p>\n<p>A trav\u00e9s de un incentivo econ\u00f3mico para continuar en sus estudios, este programa integral de\u00a0<strong>Becas<\/strong>\u00a0Educativas dise\u00f1ado por el Gobierno, acompa\u00f1a a los alumnos beneficiarios en todos los niveles de formaci\u00f3n durante su trayectoria acad\u00e9mica.<\/p>\n<p>Para inscripciones al beneficio hacer\u00a0<a href=\"https:\/\/www.argentina.gob.ar\/educacion\/progresar\">clic ac\u00e1<\/a><\/p>\n<p><strong>Los requisitos:<\/strong><\/p>\n<p>Ser argentino, nativo o naturalizado, en caso de ser extranjero deber\u00e1 contar con residencia legal de cinco a\u00f1os en el pa\u00eds y contar con DNI. Adem\u00e1s en ambos casos deber\u00e1 ser alumno regular de una instituci\u00f3n educativa.<\/p>\n<p>Con respecto a la edad, los beneficiarios deber\u00e1n tener entre 17 y 24 a\u00f1os, en caso de que sean estudiantes avanzados en la carrera se extiende a 30 a\u00f1os, mientras que para las personas que tengan menores a cargo se extiende hasta 35 a\u00f1os de edad.<\/p>\n<p>No tendr\u00e1n l\u00edmite de edad aquellas personas de indentificaci\u00f3n trans, de pueblos ind\u00edgenas, con discapacidad, refugiadas o afrodescendientes\/afroargentinas.<\/p>\n<p>Desde la ANSES recordaron que para obtener el beneficio los ingresos del grupo familiar del titular\u00a0no deben ser superiores a 3 Salarios M\u00ednimos, Vitales y M\u00f3viles<strong>\u00a0<\/strong>(SMVM). <strong>(VW)<\/strong><\/p>\n","protected":false},"excerpt":{"rendered":"<p>Se trata de la segunda convocatoria del a\u00f1o, y estar\u00e1 abierta hasta el 31 de agosto.<\/p>\n","protected":false},"author":4,"featured_media":11395,"comment_status":"closed","ping_status":"closed","sticky":false,"template":"","format":"standard","meta":{"_monsterinsights_skip_tracking":false,"_monsterinsights_sitenote_active":false,"_monsterinsights_sitenote_note":"","_monsterinsights_sitenote_category":0,"footnotes":""},"categories":[6,7,4],"tags":[300,2856,624,4739],"class_list":["post-11394","post","type-post","status-publish","format-standard","has-post-thumbnail","hentry","category-economia","category-educacion-y-cultura","category-politica","tag-anses","tag-becas-progresar","tag-ministerio-de-educacion","tag-segunda-inscripcion-2023"],"_links":{"self":[{"href":"https:\/\/www.visionweb.com.ar\/index.php?rest_route=\/wp\/v2\/posts\/11394","targetHints":{"allow":["GET"]}}],"collection":[{"href":"https:\/\/www.visionweb.com.ar\/index.php?rest_route=\/wp\/v2\/posts"}],"about":[{"href":"https:\/\/www.visionweb.com.ar\/index.php?rest_route=\/wp\/v2\/types\/post"}],"author":[{"embeddable":true,"href":"https:\/\/www.visionweb.com.ar\/index.php?rest_route=\/wp\/v2\/users\/4"}],"replies":[{"embeddable":true,"href":"https:\/\/www.visionweb.com.ar\/index.php?rest_route=%2Fwp%2Fv2%2Fcomments&post=11394"}],"version-history":[{"count":1,"href":"https:\/\/www.visionweb.com.ar\/index.php?rest_route=\/wp\/v2\/posts\/11394\/revisions"}],"predecessor-version":[{"id":11396,"href":"https:\/\/www.visionweb.com.ar\/index.php?rest_route=\/wp\/v2\/posts\/11394\/revisions\/11396"}],"wp:featuredmedia":[{"embeddable":true,"href":"https:\/\/www.visionweb.com.ar\/index.php?rest_route=\/wp\/v2\/media\/11395"}],"wp:attachment":[{"href":"https:\/\/www.visionweb.com.ar\/index.php?rest_route=%2Fwp%2Fv2%2Fmedia&parent=11394"}],"wp:term":[{"taxonomy":"category","embeddable":true,"href":"https:\/\/www.visionweb.com.ar\/index.php?rest_route=%2Fwp%2Fv2%2Fcategories&post=11394"},{"taxonomy":"post_tag","embeddable":true,"href":"https:\/\/www.visionweb.com.ar\/index.php?rest_route=%2Fwp%2Fv2%2Ftags&post=11394"}],"curies":[{"name":"wp","href":"https:\/\/api.w.org\/{rel}","templated":true}]}}