{"id":11372,"date":"2023-08-06T22:44:43","date_gmt":"2023-08-07T01:44:43","guid":{"rendered":"https:\/\/www.visionweb.com.ar\/?p=11372"},"modified":"2023-08-07T13:21:28","modified_gmt":"2023-08-07T16:21:28","slug":"remedios-de-escalada-festejo-sus-100-anos","status":"publish","type":"post","link":"https:\/\/www.visionweb.com.ar\/?p=11372","title":{"rendered":"Remedios de Escalada festej\u00f3 sus 100 a\u00f1os"},"content":{"rendered":"<p><em><strong>Fue el centenario de la imposici\u00f3n del nombre de Remedios de Escalada, y la comunidad lo vivi\u00f3\u00a0 con una emotiva celebraci\u00f3n, con diversas actividades institucionales, y tambi\u00e9n shows de artistas locales, juegos, y sorteos. Se descubri\u00f3 el nuevo busto restaurado de Remedios de Escalada y placas alusivas a las fechas.<\/strong><\/em><!--more--><\/p>\n<p><strong><img loading=\"lazy\" decoding=\"async\" class=\"size-medium wp-image-11373 alignright\" src=\"https:\/\/www.visionweb.com.ar\/wp-content\/uploads\/2023\/08\/cien-remedios-escal-300x206.jpg\" alt=\"\" width=\"300\" height=\"206\" srcset=\"https:\/\/www.visionweb.com.ar\/wp-content\/uploads\/2023\/08\/cien-remedios-escal-300x206.jpg 300w, https:\/\/www.visionweb.com.ar\/wp-content\/uploads\/2023\/08\/cien-remedios-escal.jpg 426w\" sizes=\"auto, (max-width: 300px) 100vw, 300px\" \/>\u00a0\u00a0\u00a0 E<\/strong>l evento de la celebraci\u00f3n por el 100\u00b0 aniversario de la imposici\u00f3n del nombre de Remedios de Escalada, comenz\u00f3 en horas de la ma\u00f1ana del s\u00e1bado 5, con la presencia del intendente de Lan\u00fas, N\u00e9stor Grindetti, el jefe de Gabinete local, Diego Kravetz, integrantes de la comisi\u00f3n de organizaci\u00f3n de la celebraci\u00f3n, vecinos y scouts.<\/p>\n<p>La cita fue en la plazoleta ubicada en la avenida Rosales, frente a la iglesia Nuestra Se\u00f1ora de los Remedios, donde la Banda Militar de M\u00fasica Teniente Benjam\u00edn Matienzo, del Instituto de Formaci\u00f3n Ezeiza (IFE) enton\u00f3 en primera instancia la canci\u00f3n a Mi bandera y prosigui\u00f3 con el maravilloso Himno Nacional Argentino.<\/p>\n<p><img loading=\"lazy\" decoding=\"async\" class=\"size-medium wp-image-11374 alignleft\" src=\"https:\/\/www.visionweb.com.ar\/wp-content\/uploads\/2023\/08\/cien-busto-164x300.jpg\" alt=\"\" width=\"164\" height=\"300\" srcset=\"https:\/\/www.visionweb.com.ar\/wp-content\/uploads\/2023\/08\/cien-busto-164x300.jpg 164w, https:\/\/www.visionweb.com.ar\/wp-content\/uploads\/2023\/08\/cien-busto.jpg 234w\" sizes=\"auto, (max-width: 164px) 100vw, 164px\" \/>Entre las actividades destacadas, se descubri\u00f3 el busto de Remedios de Escalada, (cuyo nombre completo es Mar\u00eda de los Remedios Carmen Rafaela Feliciana de Escalada y de la Quintana de San Mart\u00edn), que fue restaurado por el Municipio, y bendecido por el Presb\u00edtero Ricardo Nariccio, p\u00e1rroco de la iglesia.<\/p>\n<p>\u201cPido a la virgen Mar\u00eda, y tomo la palabra del Padre que expresaba reci\u00e9n, que podamos volver a esa hermandad que supo haber en los barrios como Escalada, donde todos nos conoc\u00edamos y todos nos ayud\u00e1bamos, y para eso hay que anteponer la solidaridad entre todos\u201d, invoc\u00f3 el intendente Grindetti.<\/p>\n<p>\u201cLo \u00fanico que nos puede sacar adelante es la unidad, m\u00e1s all\u00e1 de las diferencias circunstanciales, de criterios, de ideolog\u00edas o de pol\u00edticas\u201d, continu\u00f3.<\/p>\n<p>Y luego destac\u00f3: \u201cHoy celebramos los 100 a\u00f1os de esta localidad tan importante y querida de nuestro distrito. Durante estos a\u00f1os hemos hecho obras para que Escalada cuente con m\u00e1s y mejores servicios. Sabemos lo que falta, y conf\u00edo en que Diego seguir\u00e1 trabajando para impulsar el crecimiento y desarrollo de todo el municipio de Lan\u00fas\u201d.<\/p>\n<p>Por su parte, Kravetz se\u00f1al\u00f3: \u201cFue una enorme alegr\u00eda compartir este d\u00eda junto a los vecinos. Organizamos una jornada llena de actividades para que todos pudieran disfrutar en familia\u201d.<\/p>\n<p>A la vez, la figura significativa fue la presencia de la sobrina en sexta generaci\u00f3n de Remedios de Escalada, Florencia Canale; exitosa escritora que destac\u00f3 la importancia de exaltar el reconocimiento \u201ces la primera celebraci\u00f3n y conmemoraci\u00f3n de su figura, donde se destaca a una mujer patriota, y la importancia de que se reconozcan sus logros, y registrar lo que una mujer hizo por la construcci\u00f3n de una naci\u00f3n\u201d, expres\u00f3 Canale.<\/p>\n<div id=\"attachment_11375\" style=\"width: 310px\" class=\"wp-caption alignright\"><img loading=\"lazy\" decoding=\"async\" aria-describedby=\"caption-attachment-11375\" class=\"wp-image-11375 size-medium\" src=\"https:\/\/www.visionweb.com.ar\/wp-content\/uploads\/2023\/08\/banda-300x146.jpg\" alt=\"\" width=\"300\" height=\"146\" srcset=\"https:\/\/www.visionweb.com.ar\/wp-content\/uploads\/2023\/08\/banda-300x146.jpg 300w, https:\/\/www.visionweb.com.ar\/wp-content\/uploads\/2023\/08\/banda.jpg 424w\" sizes=\"auto, (max-width: 300px) 100vw, 300px\" \/><p id=\"caption-attachment-11375\" class=\"wp-caption-text\">Arribo de la Banda Militar de M\u00fasica Teniente Benjam\u00edn Matienzo. Fotos VW.<\/p><\/div>\n<p>Luego, y como sorpresa, hubo una suelta de palomas a cargo de la Sociedad Colomb\u00f3fila Hip\u00f3lito Vieytes.<\/p>\n<p>La jornada continu\u00f3 con un paso por la Biblioteca Alberdi, donde se desarroll\u00f3 una firma de libros y un brindis con vecinos, y luego sigui\u00f3 \u00a0en la plaza Mariano Moreno, frente a la estaci\u00f3n de trenes, donde se pudo disfrutar de diversos stands de entidades significativas de la ciudad, como el grupo Escalada de Pie, Ferroviarios, Artistas Pl\u00e1sticos, Clubes deportivos Talleres y Villegas, Peri\u00f3dico La idea, Fundaci\u00f3n Pupi, entre otros. Hubo muchas actividades, shows de artistas locales, sorteos y juegos.<\/p>\n<p>Participaron de las actividades el diputado provincial, Adri\u00e1n Urrelli; la escritora Florencia Canale; el presidente del Honorable Concejo Deliberante, Jorge Schiavone, concejales y secretarios. <strong>(VW)<\/strong><\/p>\n","protected":false},"excerpt":{"rendered":"<p>Fue el centenario de la imposici\u00f3n del nombre de Remedios de Escalada, y la comunidad lo vivi\u00f3\u00a0 con una emotiva celebraci\u00f3n, con diversas actividades institucionales, y tambi\u00e9n shows de artistas locales, juegos, y sorteos.&#46;&#46;&#46;<\/p>\n","protected":false},"author":4,"featured_media":11375,"comment_status":"closed","ping_status":"closed","sticky":false,"template":"","format":"standard","meta":{"_monsterinsights_skip_tracking":false,"_monsterinsights_sitenote_active":false,"_monsterinsights_sitenote_note":"","_monsterinsights_sitenote_category":0,"footnotes":""},"categories":[8,5],"tags":[4722,3319,4732,18,4731,241],"class_list":["post-11372","post","type-post","status-publish","format-standard","has-post-thumbnail","hentry","category-interes-general","category-sociedad","tag-centenario-de-remedios-de-escalada","tag-festejos","tag-florencia-canale","tag-grindetti","tag-imposicion-del-nombre","tag-kravetz"],"_links":{"self":[{"href":"https:\/\/www.visionweb.com.ar\/index.php?rest_route=\/wp\/v2\/posts\/11372","targetHints":{"allow":["GET"]}}],"collection":[{"href":"https:\/\/www.visionweb.com.ar\/index.php?rest_route=\/wp\/v2\/posts"}],"about":[{"href":"https:\/\/www.visionweb.com.ar\/index.php?rest_route=\/wp\/v2\/types\/post"}],"author":[{"embeddable":true,"href":"https:\/\/www.visionweb.com.ar\/index.php?rest_route=\/wp\/v2\/users\/4"}],"replies":[{"embeddable":true,"href":"https:\/\/www.visionweb.com.ar\/index.php?rest_route=%2Fwp%2Fv2%2Fcomments&post=11372"}],"version-history":[{"count":3,"href":"https:\/\/www.visionweb.com.ar\/index.php?rest_route=\/wp\/v2\/posts\/11372\/revisions"}],"predecessor-version":[{"id":11378,"href":"https:\/\/www.visionweb.com.ar\/index.php?rest_route=\/wp\/v2\/posts\/11372\/revisions\/11378"}],"wp:featuredmedia":[{"embeddable":true,"href":"https:\/\/www.visionweb.com.ar\/index.php?rest_route=\/wp\/v2\/media\/11375"}],"wp:attachment":[{"href":"https:\/\/www.visionweb.com.ar\/index.php?rest_route=%2Fwp%2Fv2%2Fmedia&parent=11372"}],"wp:term":[{"taxonomy":"category","embeddable":true,"href":"https:\/\/www.visionweb.com.ar\/index.php?rest_route=%2Fwp%2Fv2%2Fcategories&post=11372"},{"taxonomy":"post_tag","embeddable":true,"href":"https:\/\/www.visionweb.com.ar\/index.php?rest_route=%2Fwp%2Fv2%2Ftags&post=11372"}],"curies":[{"name":"wp","href":"https:\/\/api.w.org\/{rel}","templated":true}]}}