{"id":11360,"date":"2023-08-04T06:56:13","date_gmt":"2023-08-04T09:56:13","guid":{"rendered":"https:\/\/www.visionweb.com.ar\/?p=11360"},"modified":"2023-08-03T21:27:02","modified_gmt":"2023-08-04T00:27:02","slug":"bullrich-y-grindetti-vistaron-olavarria-y-tandil","status":"publish","type":"post","link":"https:\/\/www.visionweb.com.ar\/?p=11360","title":{"rendered":"Bullrich y Grindetti vistaron Olavarr\u00eda y Tandil"},"content":{"rendered":"<p><em><strong>La gira de Bullrich y Grindetti continuar\u00e1 este viernes en Mar del Plata, para luego volver al conurbano bonaerense.<\/strong><\/em><!--more--><\/p>\n<p><strong><img loading=\"lazy\" decoding=\"async\" class=\"size-medium wp-image-11361 alignright\" src=\"https:\/\/www.visionweb.com.ar\/wp-content\/uploads\/2023\/08\/BYG-EN-TANDIL-300x201.jpeg\" alt=\"\" width=\"300\" height=\"201\" srcset=\"https:\/\/www.visionweb.com.ar\/wp-content\/uploads\/2023\/08\/BYG-EN-TANDIL-300x201.jpeg 300w, https:\/\/www.visionweb.com.ar\/wp-content\/uploads\/2023\/08\/BYG-EN-TANDIL.jpeg 640w\" sizes=\"auto, (max-width: 300px) 100vw, 300px\" \/>A<\/strong> 10 dias de las elecciones PASO del pr\u00f3ximo 13 de Agosto, la precandidata a presidenta, Patricia Bullrich junto a su precandidato a gobernador, N\u00e9stor Grindetti, visitaron , para visitar las localidades de Olavarria y Tandil.<\/p>\n<p>Tambi\u00e9n fueron de la partida los precandidatos a la intedencia local, Dalton J\u00e1uregui y Marcelo Spina (por Olavarr\u00eda) y Marcos Nicolini (por Tandil) y a los precandidatos Cristian Ritondo, Maximiliano Abad y Mar\u00eda Eugenia Tallerico.<\/p>\n<p>Bullrich y Grindetti visitaron comercios y dialogaron con vecinos sobre la situaci\u00f3n econ\u00f3mica y la problem\u00e1tica de la inseguridad, al tiempo que cerraron sus visitas a cada ciudad con actos multitudinarios, sumando a referentes, vecinos y militantes de Juntos por el Cambio.<\/p>\n<p>En charla con la prensa, la precandidata a la Presidencia consultada sobre la unidad de Juntos por el Cambio luego de las elecciones, explic\u00f3 que \u201cCuando lleguemos a la presidencia vamos a armar un equipo con toda nuestra dirigencia, y en cada una de las provincias donde ganemos, vamos a ir a buscar con quienes competimos porque somos la misma fuerza pol\u00edtica y esa va a ser la instrucci\u00f3n que le vamos a dar a cada uno de los intendentes, a cada uno de los diputados y senadores, para que sea un proceso horizontal de toda la fuerza\u00bb, preci\u00f3.<\/p>\n<p>\u00abEn las 23 provincias argentinas y en la Ciudad de Buenos Aires, si nos toca ganar, vamos a tenderle la mano en todos lados y a todos los dirigentes que participaron de las otras listas.\u201d<\/p>\n<p>En ese sentido a\u00f1adi\u00f3 que agreg\u00f3 \u201cY a los que no reconocen la democracia, porque dicen que aunque Juntos gane las elecciones, van seguir gobernando ellos, les digo que eso no lo van a poder hacer, no nos vamos a dejar correr ni con piquetes, ni con huelgas. Esta vez el poder de la legitimidad democr\u00e1tica nos va a llevar a que el cambio sea un cambio irreversible, a que nunca m\u00e1s nos corran.\u201d<\/p>\n<p>Por su parte, el precandidato a gobernador, Nestor Grindetti indic\u00f3: \u201c En todas nuestras recorridas las principales preocupaciones que nos trasladan los vecinos son la inseguridad y la incertidumbre por la situaci\u00f3n econ\u00f3mica, sin embargo estamos viendo que empieza a aflorar la preocupaci\u00f3n por la educaci\u00f3n en la provincia, los padres est\u00e1n tomando conciencia respecto de la profunda ideologizaci\u00f3n con un sesgo hacia el kirchnerismo que tienen los contenidos curriculares que reciben los chicos y la falta de inversi\u00f3n en materia de infraestructura escolar\u201d<\/p>\n<p>\u201c Desde la provincia vamos a tomar el compromiso para que se garanticen los 190 d\u00edas de clases y vamos a adherir al proyecto para declarar a la educaci\u00f3n como servicio esencial\u201d, agreg\u00f3<\/p>\n<p>La gira de Bullrich y Grindetti continuar\u00e1 este viernes en Mar del Plata, para luego volver al conurbano bonaerense y encarar el ultimo tramo de la campa\u00f1a electoral que tendr\u00e1 su cierre el pr\u00f3ximo jueves 10 de Agosto, desde las 17 Hs en el microestadio del club Lan\u00fas<strong>(VW)<\/strong>.<\/p>\n","protected":false},"excerpt":{"rendered":"<p>La gira de Bullrich y Grindetti continuar\u00e1 este viernes en Mar del Plata, para luego volver al conurbano bonaerense.<\/p>\n","protected":false},"author":3,"featured_media":11361,"comment_status":"closed","ping_status":"closed","sticky":false,"template":"","format":"standard","meta":{"_monsterinsights_skip_tracking":false,"_monsterinsights_sitenote_active":false,"_monsterinsights_sitenote_note":"","_monsterinsights_sitenote_category":0,"footnotes":""},"categories":[4],"tags":[504,4725,154,1409],"class_list":["post-11360","post","type-post","status-publish","format-standard","has-post-thumbnail","hentry","category-politica","tag-bullrich","tag-gridetti","tag-olavarria","tag-tandil"],"_links":{"self":[{"href":"https:\/\/www.visionweb.com.ar\/index.php?rest_route=\/wp\/v2\/posts\/11360","targetHints":{"allow":["GET"]}}],"collection":[{"href":"https:\/\/www.visionweb.com.ar\/index.php?rest_route=\/wp\/v2\/posts"}],"about":[{"href":"https:\/\/www.visionweb.com.ar\/index.php?rest_route=\/wp\/v2\/types\/post"}],"author":[{"embeddable":true,"href":"https:\/\/www.visionweb.com.ar\/index.php?rest_route=\/wp\/v2\/users\/3"}],"replies":[{"embeddable":true,"href":"https:\/\/www.visionweb.com.ar\/index.php?rest_route=%2Fwp%2Fv2%2Fcomments&post=11360"}],"version-history":[{"count":3,"href":"https:\/\/www.visionweb.com.ar\/index.php?rest_route=\/wp\/v2\/posts\/11360\/revisions"}],"predecessor-version":[{"id":11364,"href":"https:\/\/www.visionweb.com.ar\/index.php?rest_route=\/wp\/v2\/posts\/11360\/revisions\/11364"}],"wp:featuredmedia":[{"embeddable":true,"href":"https:\/\/www.visionweb.com.ar\/index.php?rest_route=\/wp\/v2\/media\/11361"}],"wp:attachment":[{"href":"https:\/\/www.visionweb.com.ar\/index.php?rest_route=%2Fwp%2Fv2%2Fmedia&parent=11360"}],"wp:term":[{"taxonomy":"category","embeddable":true,"href":"https:\/\/www.visionweb.com.ar\/index.php?rest_route=%2Fwp%2Fv2%2Fcategories&post=11360"},{"taxonomy":"post_tag","embeddable":true,"href":"https:\/\/www.visionweb.com.ar\/index.php?rest_route=%2Fwp%2Fv2%2Ftags&post=11360"}],"curies":[{"name":"wp","href":"https:\/\/api.w.org\/{rel}","templated":true}]}}