{"id":11355,"date":"2023-08-03T16:09:07","date_gmt":"2023-08-03T19:09:07","guid":{"rendered":"https:\/\/www.visionweb.com.ar\/?p=11355"},"modified":"2023-08-03T16:09:07","modified_gmt":"2023-08-03T19:09:07","slug":"remedios-de-escalada-cumple-hoy-100-anos","status":"publish","type":"post","link":"https:\/\/www.visionweb.com.ar\/?p=11355","title":{"rendered":"Remedios de Escalada cumple hoy 100 a\u00f1os"},"content":{"rendered":"<p><em><strong>Habr\u00e1 una gran celebraci\u00f3n, con actos, y festivales musicales dispuestos para el s\u00e1bado 5 de agosto en la plaza Mariano Moreno. <\/strong><\/em><!--more--><\/p>\n<p><strong><img loading=\"lazy\" decoding=\"async\" class=\"size-full wp-image-11356 alignright\" src=\"https:\/\/www.visionweb.com.ar\/wp-content\/uploads\/2023\/08\/a-rem-de-escal.png\" alt=\"\" width=\"271\" height=\"173\" \/>\u00a0<\/strong><strong>\u00a0L<\/strong>leg\u00f3 el d\u00eda tan esperado y la \u00a0gran fiesta del <strong>Centenario de la ciudad de Remedios de Escalada<\/strong> comenz\u00f3 este 3 de agosto, con una misa en la parroquia Nuestra Se\u00f1ora de los Remedios, una reliquia arquitect\u00f3nica que tambi\u00e9n cumple 100 a\u00f1os.<\/p>\n<p>Desde hace meses, las 26 instituciones de Escalada se ocuparon de planificar diversas actividades para el programa art\u00edstico que ofrecer\u00e1n.<\/p>\n<p>As\u00ed, el pr\u00f3ximo s\u00e1bado\u00a05 de agosto, se presentar\u00e1n varios shows en\u00a0la plaza mariano Moreno, ubicada frente a la estaci\u00f3n del tren: Locademia del Ritmo, Felipe Fern\u00e1ndez, la banda de Alfredo Lafuente, Sue\u00f1o Stereo, Cristo Rey y Tenoreon. Y alrededor de las 18 estar\u00e1 la Big Band Jazz, con sus 24 m\u00fasicos que la integran.<\/p>\n<p>Habr\u00e1 una reinauguraci\u00f3n de la renovada escultura que representa a la ciudad, decorada con el escudo oficial sobre un mosaico. Acto seguido, se presentar\u00e1 la exitosa escritora Florencia Canale, sexta generaci\u00f3n de una familia tradicional arraigada en la localidad.<\/p>\n<p><strong>Un poco de historia:<\/strong> En agosto de 1923 en el sur del conurbano se\u00a0<strong>celebr\u00f3\u00a0la creaci\u00f3n del pueblo Remedios de Escalada,<\/strong>\u00a0 cuyo nombre fue propuesto por el entonces Ministro de Obras P\u00fablicas de la Naci\u00f3n, Eufrasio Loza, en reemplazo de \u201cLos Talleres\u201d, que hac\u00eda referencia a los grandes galpones del Ferrocarril del Sud por el kil\u00f3metro 11.<\/p>\n<p>Pero antes, all\u00e1 por 1873, los empresarios del Ferrocarril se hab\u00edan detenido por primera vez en esa zona de malezas y calles de tierra conocida con el nombre de Ed\u00e9n Argentino, e imaginaron el desarrollo y el progreso con la llegada del tren.<\/p>\n<p>En 1902, las casas de l\u00ednea arquitect\u00f3nica inglesa del barrio Las Colonias, fueron la incipiente urbanizaci\u00f3n que todav\u00eda hoy puede apreciarse.<\/p>\n<p>Ya en 1919 un grupo de militantes socialistas, encabezado por Arturo Melo, resolvi\u00f3 la creaci\u00f3n de la Biblioteca Popular Alberdi para instruir a los obreros ferroviarios.<\/p>\n<div id=\"attachment_11358\" style=\"width: 292px\" class=\"wp-caption alignleft\"><img loading=\"lazy\" decoding=\"async\" aria-describedby=\"caption-attachment-11358\" class=\"wp-image-11358 size-full\" src=\"https:\/\/www.visionweb.com.ar\/wp-content\/uploads\/2023\/08\/a-maspero.png\" alt=\"\" width=\"282\" height=\"173\" \/><p id=\"caption-attachment-11358\" class=\"wp-caption-text\">Sala Luis M\u00e1spero. Imagen facebook<\/p><\/div>\n<p>Luego siguieron las aperturas de la f\u00e1brica de sombreros de Luis M\u00e1spero, que en 1921 con sus contribuciones ayud\u00f3 a la creaci\u00f3n de la Sala de Primeros Auxilios, que actualmente lleva su nombre.<\/p>\n<p>Tambi\u00e9n siguieron la planta metal\u00fargica de V\u00edctor Marangoni, la fundaci\u00f3n del Club Atl\u00e9tico Talleres (1906), la Sociedad Italiana de Socorros Mutuos (1913), el cine Mundo Argentino (1914), la Uni\u00f3n Ferroviaria (1921) y la Asociaci\u00f3n Art\u00edstica y Recreativa Claudio de Alas en 1923, \u00a0a\u00f1o que concluye en la celebraci\u00f3n.<\/p>\n<p>En 1974, ya declarada \u201cciudad\u201d de Remedios de Escalada, sabe conservar celosa toda su historia de orgullo y trabajo, y va por mucho m\u00e1s hacia el futuro. <strong>(VW)<\/strong><\/p>\n","protected":false},"excerpt":{"rendered":"<p>Habr\u00e1 una gran celebraci\u00f3n, con actos, y festivales musicales dispuestos para el s\u00e1bado 5 de agosto en la plaza Mariano Moreno.<\/p>\n","protected":false},"author":4,"featured_media":11358,"comment_status":"closed","ping_status":"closed","sticky":false,"template":"","format":"standard","meta":{"_monsterinsights_skip_tracking":false,"_monsterinsights_sitenote_active":false,"_monsterinsights_sitenote_note":"","_monsterinsights_sitenote_category":0,"footnotes":""},"categories":[8],"tags":[4724,4722,4723],"class_list":["post-11355","post","type-post","status-publish","format-standard","has-post-thumbnail","hentry","category-interes-general","tag-celebracion-en-la-plaza-mariano-moreno","tag-centenario-de-remedios-de-escalada","tag-escalada-cumple-100-anos"],"_links":{"self":[{"href":"https:\/\/www.visionweb.com.ar\/index.php?rest_route=\/wp\/v2\/posts\/11355","targetHints":{"allow":["GET"]}}],"collection":[{"href":"https:\/\/www.visionweb.com.ar\/index.php?rest_route=\/wp\/v2\/posts"}],"about":[{"href":"https:\/\/www.visionweb.com.ar\/index.php?rest_route=\/wp\/v2\/types\/post"}],"author":[{"embeddable":true,"href":"https:\/\/www.visionweb.com.ar\/index.php?rest_route=\/wp\/v2\/users\/4"}],"replies":[{"embeddable":true,"href":"https:\/\/www.visionweb.com.ar\/index.php?rest_route=%2Fwp%2Fv2%2Fcomments&post=11355"}],"version-history":[{"count":1,"href":"https:\/\/www.visionweb.com.ar\/index.php?rest_route=\/wp\/v2\/posts\/11355\/revisions"}],"predecessor-version":[{"id":11359,"href":"https:\/\/www.visionweb.com.ar\/index.php?rest_route=\/wp\/v2\/posts\/11355\/revisions\/11359"}],"wp:featuredmedia":[{"embeddable":true,"href":"https:\/\/www.visionweb.com.ar\/index.php?rest_route=\/wp\/v2\/media\/11358"}],"wp:attachment":[{"href":"https:\/\/www.visionweb.com.ar\/index.php?rest_route=%2Fwp%2Fv2%2Fmedia&parent=11355"}],"wp:term":[{"taxonomy":"category","embeddable":true,"href":"https:\/\/www.visionweb.com.ar\/index.php?rest_route=%2Fwp%2Fv2%2Fcategories&post=11355"},{"taxonomy":"post_tag","embeddable":true,"href":"https:\/\/www.visionweb.com.ar\/index.php?rest_route=%2Fwp%2Fv2%2Ftags&post=11355"}],"curies":[{"name":"wp","href":"https:\/\/api.w.org\/{rel}","templated":true}]}}