{"id":11352,"date":"2023-08-04T08:31:10","date_gmt":"2023-08-04T11:31:10","guid":{"rendered":"https:\/\/www.visionweb.com.ar\/?p=11352"},"modified":"2023-08-03T15:35:36","modified_gmt":"2023-08-03T18:35:36","slug":"llega-el-ii-encuentro-provincial-de-bibliotecas-populares","status":"publish","type":"post","link":"https:\/\/www.visionweb.com.ar\/?p=11352","title":{"rendered":"Llega el II Encuentro Provincial de Bibliotecas Populares"},"content":{"rendered":"<p><em><strong>En el encuentro habr\u00e1 paneles y mesas que invitan a reflexionar sobre distintos temas, tales como los lectores y la lectura, la relaci\u00f3n entre la biblioteca y la comunidad, entre otros.\u00a0<\/strong><\/em><!--more--><\/p>\n<p><strong><img loading=\"lazy\" decoding=\"async\" class=\"size-medium wp-image-11353 alignright\" src=\"https:\/\/www.visionweb.com.ar\/wp-content\/uploads\/2023\/08\/BIBLIOTECAS-JORNADAS-EN-MDQ-300x214.png\" alt=\"\" width=\"300\" height=\"214\" srcset=\"https:\/\/www.visionweb.com.ar\/wp-content\/uploads\/2023\/08\/BIBLIOTECAS-JORNADAS-EN-MDQ-300x214.png 300w, https:\/\/www.visionweb.com.ar\/wp-content\/uploads\/2023\/08\/BIBLIOTECAS-JORNADAS-EN-MDQ.png 640w\" sizes=\"auto, (max-width: 300px) 100vw, 300px\" \/>L<\/strong>os d\u00edas 1, 2 y 3 de septiembre se realizar\u00e1 el II Encuentro Provincial de Bibliotecas Populares en el Complejo Tur\u00edstico de Chapadmalal. El evento, impulsado por el Instituto Cultural de la Provincia de Buenos Aires a trav\u00e9s de la Direcci\u00f3n Provincial de Promoci\u00f3n de la Lectura, cuenta con el apoyo de la Comisi\u00f3n Nacional de Bibliotecas Populares (CONABIP). Habr\u00e1 charlas, mesas de experiencias y exposiciones.<\/p>\n<p>Estas jornadas tienen como objetivo el intercambio entre dirigentes del movimiento de bibliotecas, voluntarios y profesionales que integran la red de Bibliotecas Populares, con el prop\u00f3sito de construir una agenda com\u00fan de trabajo y esfuerzo colectivo que favorezca el acercamiento de experiencias, fomente las acciones colectivas en cada territorio y estimule el trazado de estrategias que promuevan la integraci\u00f3n de las infancias y adolescencias con la lectura.<\/p>\n<p>Para participar del II Encuentro Provincial de Bibliotecas Populares es imprescindible inscribirse, antes del 7 de agosto, al<strong>\u00a0<a href=\"https:\/\/forms.gle\/8WyZJzLdj1uyAqGw6\" target=\"_blank\" rel=\"noopener noreferrer\">formulario<\/a>\u00a0<\/strong>disponible en las Redes Sociales de<strong>\u00a0<a href=\"https:\/\/www.instagram.com\/buenosaireslectora\/\" target=\"_blank\" rel=\"noopener noreferrer\">Buenos Aires Lectora<\/a>\u00a0<\/strong>y en la web del<strong><a href=\"https:\/\/www.gba.gob.ar\/cultura\">\u00a0Instituto Cultural de la Provincia de Buenos Aires<\/a><\/strong><\/p>\n<p>El a\u00f1o pasado, el Encuentro cont\u00f3 con la participaci\u00f3n de m\u00e1s de 150 bibliotecas, 380 bibliotecarios, trabajadoras y trabajadores de las Bibliotecas Populares de toda la Provincia de Buenos Aires, y m\u00e1s de 100 representantes de localidades bonaerenses cerraron las jornadas.<\/p>\n<p>Adem\u00e1s cont\u00f3 con la participaci\u00f3n prestigiosos artistas, escritores y personalidades del mundo de las letras y la literatura y una Feria del Libro de Editoriales Independientes de la Provincia de Buenos Aires.<\/p>\n<p>Por todo ello, posibilitar este espacio de encuentro, reflexi\u00f3n e intercambio es indispensable para la construcci\u00f3n de nuestra identidad bonaerense.<\/p>\n<p>Dudas o consultas por mail a<strong>\u00a0<a href=\"mailto:encuentrosbibliotecas.pba@gmail.com\" target=\"_blank\" rel=\"noopener noreferrer\">encuentrosbibliotecas.pba@gmail.com<\/a><\/strong><\/p>\n","protected":false},"excerpt":{"rendered":"<p>En el encuentro habr\u00e1 paneles y mesas que invitan a reflexionar sobre distintos temas, tales como los lectores y la lectura, la relaci\u00f3n entre la biblioteca y la comunidad, entre otros.\u00a0<\/p>\n","protected":false},"author":3,"featured_media":11353,"comment_status":"closed","ping_status":"closed","sticky":false,"template":"","format":"standard","meta":{"_monsterinsights_skip_tracking":false,"_monsterinsights_sitenote_active":false,"_monsterinsights_sitenote_note":"","_monsterinsights_sitenote_category":0,"footnotes":""},"categories":[7],"tags":[4721,4720,4719,247],"class_list":["post-11352","post","type-post","status-publish","format-standard","has-post-thumbnail","hentry","category-educacion-y-cultura","tag-asociaciones","tag-bibliotecas","tag-encuetro","tag-mar-del-plata"],"_links":{"self":[{"href":"https:\/\/www.visionweb.com.ar\/index.php?rest_route=\/wp\/v2\/posts\/11352","targetHints":{"allow":["GET"]}}],"collection":[{"href":"https:\/\/www.visionweb.com.ar\/index.php?rest_route=\/wp\/v2\/posts"}],"about":[{"href":"https:\/\/www.visionweb.com.ar\/index.php?rest_route=\/wp\/v2\/types\/post"}],"author":[{"embeddable":true,"href":"https:\/\/www.visionweb.com.ar\/index.php?rest_route=\/wp\/v2\/users\/3"}],"replies":[{"embeddable":true,"href":"https:\/\/www.visionweb.com.ar\/index.php?rest_route=%2Fwp%2Fv2%2Fcomments&post=11352"}],"version-history":[{"count":1,"href":"https:\/\/www.visionweb.com.ar\/index.php?rest_route=\/wp\/v2\/posts\/11352\/revisions"}],"predecessor-version":[{"id":11354,"href":"https:\/\/www.visionweb.com.ar\/index.php?rest_route=\/wp\/v2\/posts\/11352\/revisions\/11354"}],"wp:featuredmedia":[{"embeddable":true,"href":"https:\/\/www.visionweb.com.ar\/index.php?rest_route=\/wp\/v2\/media\/11353"}],"wp:attachment":[{"href":"https:\/\/www.visionweb.com.ar\/index.php?rest_route=%2Fwp%2Fv2%2Fmedia&parent=11352"}],"wp:term":[{"taxonomy":"category","embeddable":true,"href":"https:\/\/www.visionweb.com.ar\/index.php?rest_route=%2Fwp%2Fv2%2Fcategories&post=11352"},{"taxonomy":"post_tag","embeddable":true,"href":"https:\/\/www.visionweb.com.ar\/index.php?rest_route=%2Fwp%2Fv2%2Ftags&post=11352"}],"curies":[{"name":"wp","href":"https:\/\/api.w.org\/{rel}","templated":true}]}}