{"id":11346,"date":"2023-08-03T14:31:39","date_gmt":"2023-08-03T17:31:39","guid":{"rendered":"https:\/\/www.visionweb.com.ar\/?p=11346"},"modified":"2023-08-03T14:31:39","modified_gmt":"2023-08-03T17:31:39","slug":"kicillof-recibira-el-respaldo-de-los-gremios-en-un-encuentro-en-ensenada","status":"publish","type":"post","link":"https:\/\/www.visionweb.com.ar\/?p=11346","title":{"rendered":"Kicillof recibir\u00e1 el respaldo de los gremios en un encuentro en Ensenada"},"content":{"rendered":"<p><em><strong>Kicillof: \u00abCreemos en la importancia de una militancia organizada para que nuestro proyecto pol\u00edtico siga en marcha\u00bb<\/strong><\/em><!--more--><\/p>\n<p><strong><img loading=\"lazy\" decoding=\"async\" class=\"size-medium wp-image-8972 alignright\" src=\"https:\/\/www.visionweb.com.ar\/wp-content\/uploads\/2023\/01\/kicillof-gel-intimo-300x201.jpg\" alt=\"\" width=\"300\" height=\"201\" srcset=\"https:\/\/www.visionweb.com.ar\/wp-content\/uploads\/2023\/01\/kicillof-gel-intimo-300x201.jpg 300w, https:\/\/www.visionweb.com.ar\/wp-content\/uploads\/2023\/01\/kicillof-gel-intimo.bmp 628w\" sizes=\"auto, (max-width: 300px) 100vw, 300px\" \/>A<\/strong> solo 10 d\u00edas de las elecciones PASO (Primarias, Abiertas, Simult\u00e1neas y Obligatorias), el gobernador bonaerense, Axel Kicillof,\u00a0recibir\u00e1 el respaldo de diferentes gremios en un acto en el municipio de Ensenada.<\/p>\n<p>El muncipio de Ensenada es comandado por Mario Secco, cinco veces intendente en los \u00faltimos 20 a\u00f1os y uno de los principales referentes del kirchnerismo duro.<\/p>\n<p>As\u00ed como lo viene haciendo con distintos sectores \u2013el martes se reuni\u00f3 con representantes de la cultura\u2013, y esta vez bajo la consigna\u00a0 \u201cEl movimiento obrero con Axel Kicillof\u201d, el gobernador encabezar\u00e1 un encuentro con sindicatos, del que tambi\u00e9n participar\u00e1n los intendentes de Ensenada, Mario Secco, y de Berisso, Fabi\u00e1n Cagliardi.<\/p>\n<p>La convocatoria es a las 17 en el Polideportivo Central, ubicado en Ortiz de Rosas y Cabo Verde.<\/p>\n<p>Se espera, adem\u00e1s, la presencia de los ministros del gabinete bonaerense, jefes comunales y legisladores provinciales.<\/p>\n<p>A 10 d\u00edas de las PASO que se llevar\u00e1n adelante el 13 de agosto, Secco poste\u00f3 en redes sociales: \u201cCreemos en la importancia de una militancia organizada para que nuestro proyecto pol\u00edtico siga en marcha y en la lucha obrera, esa que pone de pie d\u00eda a d\u00eda a la Regi\u00f3n\u201d.<\/p>\n<p>\u201cNos encontramos el pr\u00f3ximo jueves para celebrar el crecimiento de la Provincia durante la Gesti\u00f3n de Axel y reafirmar nuestro compromiso para seguir poniendo en valor cada punto del territorio bonaerense\u201d, subray\u00f3<strong>(VW)<\/strong><\/p>\n","protected":false},"excerpt":{"rendered":"<p>Kicillof: \u00abCreemos en la importancia de una militancia organizada para que nuestro proyecto pol\u00edtico siga en marcha\u00bb<\/p>\n","protected":false},"author":3,"featured_media":8972,"comment_status":"closed","ping_status":"closed","sticky":false,"template":"","format":"standard","meta":{"_monsterinsights_skip_tracking":false,"_monsterinsights_sitenote_active":false,"_monsterinsights_sitenote_note":"","_monsterinsights_sitenote_category":0,"footnotes":""},"categories":[4],"tags":[1156,2082,57,167],"class_list":["post-11346","post","type-post","status-publish","format-standard","has-post-thumbnail","hentry","category-politica","tag-apoyo","tag-ensenada","tag-gremios","tag-kicillof"],"_links":{"self":[{"href":"https:\/\/www.visionweb.com.ar\/index.php?rest_route=\/wp\/v2\/posts\/11346","targetHints":{"allow":["GET"]}}],"collection":[{"href":"https:\/\/www.visionweb.com.ar\/index.php?rest_route=\/wp\/v2\/posts"}],"about":[{"href":"https:\/\/www.visionweb.com.ar\/index.php?rest_route=\/wp\/v2\/types\/post"}],"author":[{"embeddable":true,"href":"https:\/\/www.visionweb.com.ar\/index.php?rest_route=\/wp\/v2\/users\/3"}],"replies":[{"embeddable":true,"href":"https:\/\/www.visionweb.com.ar\/index.php?rest_route=%2Fwp%2Fv2%2Fcomments&post=11346"}],"version-history":[{"count":1,"href":"https:\/\/www.visionweb.com.ar\/index.php?rest_route=\/wp\/v2\/posts\/11346\/revisions"}],"predecessor-version":[{"id":11347,"href":"https:\/\/www.visionweb.com.ar\/index.php?rest_route=\/wp\/v2\/posts\/11346\/revisions\/11347"}],"wp:featuredmedia":[{"embeddable":true,"href":"https:\/\/www.visionweb.com.ar\/index.php?rest_route=\/wp\/v2\/media\/8972"}],"wp:attachment":[{"href":"https:\/\/www.visionweb.com.ar\/index.php?rest_route=%2Fwp%2Fv2%2Fmedia&parent=11346"}],"wp:term":[{"taxonomy":"category","embeddable":true,"href":"https:\/\/www.visionweb.com.ar\/index.php?rest_route=%2Fwp%2Fv2%2Fcategories&post=11346"},{"taxonomy":"post_tag","embeddable":true,"href":"https:\/\/www.visionweb.com.ar\/index.php?rest_route=%2Fwp%2Fv2%2Ftags&post=11346"}],"curies":[{"name":"wp","href":"https:\/\/api.w.org\/{rel}","templated":true}]}}