{"id":11332,"date":"2023-08-02T12:25:46","date_gmt":"2023-08-02T15:25:46","guid":{"rendered":"https:\/\/www.visionweb.com.ar\/?p=11332"},"modified":"2023-08-02T12:25:46","modified_gmt":"2023-08-02T15:25:46","slug":"como-votan-los-mas-de-70-000-presos-registrados-en-el-padron-en-las-proximas-elecciones","status":"publish","type":"post","link":"https:\/\/www.visionweb.com.ar\/?p=11332","title":{"rendered":"C\u00f3mo votan los m\u00e1s de 70.000 presos registrados en el padr\u00f3n en las pr\u00f3ximas elecciones"},"content":{"rendered":"<p><strong>La Provincia de Buenos Aires acumula m\u00e1s de la mitad del total de la poblaci\u00f3n que se encuentra privada de la libertad en sus 95 penales. Y ellos votar\u00e1n con el sistema de boleta \u00fanica, a diferencia de la tradicional papeleta s\u00e1bana que rige para la mayor parte de los ciudadanos.<\/strong><strong>\u00a0<\/strong><!--more--><\/p>\n<p><img loading=\"lazy\" decoding=\"async\" class=\"size-full wp-image-11333 alignright\" src=\"https:\/\/www.visionweb.com.ar\/wp-content\/uploads\/2023\/08\/a-presos.png\" alt=\"\" width=\"252\" height=\"179\" \/>\u00a0 <strong>L<\/strong>a C\u00e1mara Nacional Electoral confirm\u00f3 la cantidad de reclusos que est\u00e1n habilitados para emitir su voto, conforme a la ley se reconoce el derecho a sufragar a las personas procesadas que se encuentren cumpliendo prisi\u00f3n preventiva.<\/p>\n<p>Los datos surgen del relevamiento realizado por la\u00a0C\u00e1mara Nacional Electoral (CNE). Seg\u00fan la ley, las personas procesadas privadas de su libertad que est\u00e9n cumpliendo detenci\u00f3n <strong>deben estar incluidas en el\u00a0Registro de Electores Privados de Libertad<\/strong>, que es elaborado por la propia\u00a0CNE\u00a0en cada comicio.<\/p>\n<p>As\u00ed, m\u00e1s de 70.000 presos podr\u00e1n\u00a0votar en las elecciones primarias\u00a0del domingo 13 de agosto y para\u00a0ello\u00a0utilizar\u00e1n la boleta \u00fanica\u00a0como sistema de sufragio en las\u00a0distintas c\u00e1rceles de todo el pa\u00eds.<\/p>\n<p>Las <strong>personas bajo prisi\u00f3n preventiva podr\u00e1n emitir su voto en las unidades carcelarias en que se encuentren detenidas.<\/strong><\/p>\n<p>Todos\u00a0los electores privados de la libertad votar\u00e1n con el\u00a0sistema de boleta \u00fanica, a diferencia de la tradicional papeleta s\u00e1bana que rige para la mayor parte de los ciudadanos.<\/p>\n<p><strong>C\u00f3mo es el sistema:<\/strong><\/p>\n<p>El instrumento de votaci\u00f3n es la boleta \u00fanica de papel dise\u00f1ada por la C\u00e1mara Nacional Electoral, <strong>id\u00e9ntica para todas las c\u00e1rceles<\/strong>.<\/p>\n<p>La autoridad de mesa le entrega al elector una boleta oficial de sufragio firmada en el acto y una lapicera para marcar el voto. Luego, pasa al cuarto oscuro donde debe marcar en la boleta el espacio correspondiente al partido que desea votar. Finalmente, debe doblar la boleta, cerrarla e introducirla en la urna.<\/p>\n<p>A la hora del recuento de votos, estos no se cuentan en la c\u00e1rcel y son enviados a la C\u00e1mara Nacional Electoral (CNE) para su respectivo conteo.<\/p>\n<p>Esta cantidad que supera los 70 mil presos, podr\u00e1 votar en las elecciones primarias del domingo 13 de agosto y m\u00e1s de la mitad de esa poblaci\u00f3n se encuentra en los 95 penales de la Provincia de Buenos Aires\u00a0<strong>con 36.516 electores detenidos<\/strong>.<\/p>\n<p><strong>M\u00e1s datos:<\/strong> La cifra exacta de personas privadas de la libertad que se encuentran registradas en el padr\u00f3n electoral es de 70.018.<\/p>\n<p>C\u00f3rdoba y Santa Fe son los dos distritos con mayor cantidad de votantes tras las rejas: 8.218 y 5.299 ciudadanos privados de la libertad est\u00e1n en condiciones de sufragar, respectivamente.<\/p>\n<p>En total, son 305 centros de reclusi\u00f3n, desde complejos penitenciarios hasta alcaid\u00edas, pasando por centro de contenci\u00f3n infanto-juvenil.<\/p>\n<p><strong>El lugar con mayor caudal de votos de privados de la libertad es la Unidad n\u00famero dos de Sierra Chica\u00ad, de m\u00e1xima seguridad\u00a0<\/strong>y donde se encuentran, entre otros, los rugbiers condenados por el crimen del joven Fernando B\u00e1ez Sosa: all\u00ed hay registradas 2.108 personas en condiciones de votar.<\/p>\n<p>Por su parte, la Ciudad de Buenos Aires tiene 867 electores privados de la libertad; Catamarca, 276; Corrientes, 1.277; Chaco, 973; Chubut, 373; Entre R\u00edos, 1.316; Formosa, 433; Jujuy, 734; La Pampa, 391; La Rioja, 438; Mendoza, 4.623; Misiones, 1.081; Neuqu\u00e9n, 303; R\u00edo Negro, 603; Salta, 2.227; San Juan, 1.207; San Luis, 656; Santa Cruz, 231; Santiago del Estero, 985; Tucum\u00e1n, 861; y Tierra del Fuego, 130.<\/p>\n<p><strong>No todos los presos tienen el derecho a votar:<\/strong> En la Rep\u00fablica Argentina hay m\u00e1s de 100.000 presos y en la Provincia alrededor de 50.000. El C\u00f3digo Electoral Nacional reconoce a las personas procesadas que se encuentren cumpliendo prisi\u00f3n preventiva.<\/p>\n<p>Si la persona procesada est\u00e1 detenida en un distrito electoral diferente al que le corresponde por su domicilio registrado, votar\u00e1 en el establecimiento donde se encuentra alojada y el voto se computar\u00e1 para el distrito donde est\u00e1 empadronada.<\/p>\n<p>Para poder votar las personas procesadas que est\u00e9n cumpliendo detenci\u00f3n <strong>deben estar incluidas en el Registro de Electores Privados de Libertad<\/strong>, que es elaborado por la C\u00e1mara Nacional Electoral.<\/p>\n<p>Los electores s\u00f3lo pueden votar en la mesa receptora de votos donde figuran y las autoridades de las c\u00e1rceles deben arbitrar los medios para que cada privado de la libertad reciba su documento c\u00edvico dentro de las 24 horas anteriores a la fecha de los comicios. <strong>(VW)<\/strong><\/p>\n","protected":false},"excerpt":{"rendered":"<p>La Provincia de Buenos Aires acumula m\u00e1s de la mitad del total de la poblaci\u00f3n que se encuentra privada de la libertad en sus 95 penales. Y ellos votar\u00e1n con el sistema de boleta&#46;&#46;&#46;<\/p>\n","protected":false},"author":4,"featured_media":11333,"comment_status":"closed","ping_status":"closed","sticky":false,"template":"","format":"standard","meta":{"_monsterinsights_skip_tracking":false,"_monsterinsights_sitenote_active":false,"_monsterinsights_sitenote_note":"","_monsterinsights_sitenote_category":0,"footnotes":""},"categories":[8,5],"tags":[3338,4710,340,4709],"class_list":["post-11332","post","type-post","status-publish","format-standard","has-post-thumbnail","hentry","category-interes-general","category-sociedad","tag-cne","tag-como-votan-en-las-carceles","tag-elecciones","tag-presos"],"_links":{"self":[{"href":"https:\/\/www.visionweb.com.ar\/index.php?rest_route=\/wp\/v2\/posts\/11332","targetHints":{"allow":["GET"]}}],"collection":[{"href":"https:\/\/www.visionweb.com.ar\/index.php?rest_route=\/wp\/v2\/posts"}],"about":[{"href":"https:\/\/www.visionweb.com.ar\/index.php?rest_route=\/wp\/v2\/types\/post"}],"author":[{"embeddable":true,"href":"https:\/\/www.visionweb.com.ar\/index.php?rest_route=\/wp\/v2\/users\/4"}],"replies":[{"embeddable":true,"href":"https:\/\/www.visionweb.com.ar\/index.php?rest_route=%2Fwp%2Fv2%2Fcomments&post=11332"}],"version-history":[{"count":1,"href":"https:\/\/www.visionweb.com.ar\/index.php?rest_route=\/wp\/v2\/posts\/11332\/revisions"}],"predecessor-version":[{"id":11334,"href":"https:\/\/www.visionweb.com.ar\/index.php?rest_route=\/wp\/v2\/posts\/11332\/revisions\/11334"}],"wp:featuredmedia":[{"embeddable":true,"href":"https:\/\/www.visionweb.com.ar\/index.php?rest_route=\/wp\/v2\/media\/11333"}],"wp:attachment":[{"href":"https:\/\/www.visionweb.com.ar\/index.php?rest_route=%2Fwp%2Fv2%2Fmedia&parent=11332"}],"wp:term":[{"taxonomy":"category","embeddable":true,"href":"https:\/\/www.visionweb.com.ar\/index.php?rest_route=%2Fwp%2Fv2%2Fcategories&post=11332"},{"taxonomy":"post_tag","embeddable":true,"href":"https:\/\/www.visionweb.com.ar\/index.php?rest_route=%2Fwp%2Fv2%2Ftags&post=11332"}],"curies":[{"name":"wp","href":"https:\/\/api.w.org\/{rel}","templated":true}]}}