{"id":11330,"date":"2023-08-02T01:17:37","date_gmt":"2023-08-02T04:17:37","guid":{"rendered":"https:\/\/www.visionweb.com.ar\/?p=11330"},"modified":"2023-08-01T20:21:20","modified_gmt":"2023-08-01T23:21:20","slug":"provincia-dispone-transporte-publico-gratuito-para-las-elecciones","status":"publish","type":"post","link":"https:\/\/www.visionweb.com.ar\/?p=11330","title":{"rendered":"Provincia dispone transporte p\u00fablico gratuito para las elecciones"},"content":{"rendered":"<p><em><strong>El ministro de Transporte, Jorge D\u2019Onofrio, firm\u00f3 una resoluci\u00f3n en la que se declar\u00f3 la gratuidad del servicio en cada domingo electoral.<\/strong><\/em><!--more--><\/p>\n<p><strong><img loading=\"lazy\" decoding=\"async\" class=\"size-medium wp-image-10005 alignright\" src=\"https:\/\/www.visionweb.com.ar\/wp-content\/uploads\/2023\/03\/COLECTIVOS-300x225.png\" alt=\"\" width=\"300\" height=\"225\" srcset=\"https:\/\/www.visionweb.com.ar\/wp-content\/uploads\/2023\/03\/COLECTIVOS-300x225.png 300w, https:\/\/www.visionweb.com.ar\/wp-content\/uploads\/2023\/03\/COLECTIVOS-320x240.png 320w, https:\/\/www.visionweb.com.ar\/wp-content\/uploads\/2023\/03\/COLECTIVOS.png 640w\" sizes=\"auto, (max-width: 300px) 100vw, 300px\" \/>E<\/strong>l Gobierno bonaerense asegurar\u00e1 transporte p\u00fablico gratuito tanto en las elecciones primerias (PASO) del pr\u00f3ximo 13 de agosto como en las generales del 22 de octubre y tambi\u00e9n, si es que hay, en la segunda vuelta del 19 de noviembre.<\/p>\n<p>Seg\u00fan inform\u00f3 el Gobierno de la provincia de Buenos Aires a trav\u00e9s de un comunicado, el ministro de Transporte, Jorge D\u2019Onofrio, firm\u00f3 una resoluci\u00f3n en la que se declar\u00f3 la gratuidad del servicio en cada domingo electoral.<\/p>\n<p>Asimismo, se se\u00f1al\u00f3 que \u201cla medida dispone la frecuencia de d\u00eda s\u00e1bado para cada formaci\u00f3n de jurisdicci\u00f3n provincial\u201d y que abarca tanto al transporte automotor como al fluvial. Asimismo, Provincia invit\u00f3 a los municipios a adherir a la medida.<\/p>\n<p>\u201cCada vecina y vecino va a poder para renovar su compromiso con la democracia sin que el servicio de d\u00eda domingo sea una barrera\u201d, se\u00f1al\u00f3 D\u2019Onofrio. Y agreg\u00f3: \u201cCon un esp\u00edritu profundamente democr\u00e1tico, vamos a celebrar los 40 a\u00f1os de recuperaci\u00f3n de la democracia ejerciendo el libre derecho a voto\u201d<\/p>\n","protected":false},"excerpt":{"rendered":"<p>El ministro de Transporte, Jorge D\u2019Onofrio, firm\u00f3 una resoluci\u00f3n en la que se declar\u00f3 la gratuidad del servicio en cada domingo electoral.<\/p>\n","protected":false},"author":3,"featured_media":10005,"comment_status":"closed","ping_status":"closed","sticky":false,"template":"","format":"standard","meta":{"_monsterinsights_skip_tracking":false,"_monsterinsights_sitenote_active":false,"_monsterinsights_sitenote_note":"","_monsterinsights_sitenote_category":0,"footnotes":""},"categories":[8,4],"tags":[340,1485,204,1066],"class_list":["post-11330","post","type-post","status-publish","format-standard","has-post-thumbnail","hentry","category-interes-general","category-politica","tag-elecciones","tag-gratuito","tag-paso","tag-transporte"],"_links":{"self":[{"href":"https:\/\/www.visionweb.com.ar\/index.php?rest_route=\/wp\/v2\/posts\/11330","targetHints":{"allow":["GET"]}}],"collection":[{"href":"https:\/\/www.visionweb.com.ar\/index.php?rest_route=\/wp\/v2\/posts"}],"about":[{"href":"https:\/\/www.visionweb.com.ar\/index.php?rest_route=\/wp\/v2\/types\/post"}],"author":[{"embeddable":true,"href":"https:\/\/www.visionweb.com.ar\/index.php?rest_route=\/wp\/v2\/users\/3"}],"replies":[{"embeddable":true,"href":"https:\/\/www.visionweb.com.ar\/index.php?rest_route=%2Fwp%2Fv2%2Fcomments&post=11330"}],"version-history":[{"count":1,"href":"https:\/\/www.visionweb.com.ar\/index.php?rest_route=\/wp\/v2\/posts\/11330\/revisions"}],"predecessor-version":[{"id":11331,"href":"https:\/\/www.visionweb.com.ar\/index.php?rest_route=\/wp\/v2\/posts\/11330\/revisions\/11331"}],"wp:featuredmedia":[{"embeddable":true,"href":"https:\/\/www.visionweb.com.ar\/index.php?rest_route=\/wp\/v2\/media\/10005"}],"wp:attachment":[{"href":"https:\/\/www.visionweb.com.ar\/index.php?rest_route=%2Fwp%2Fv2%2Fmedia&parent=11330"}],"wp:term":[{"taxonomy":"category","embeddable":true,"href":"https:\/\/www.visionweb.com.ar\/index.php?rest_route=%2Fwp%2Fv2%2Fcategories&post=11330"},{"taxonomy":"post_tag","embeddable":true,"href":"https:\/\/www.visionweb.com.ar\/index.php?rest_route=%2Fwp%2Fv2%2Ftags&post=11330"}],"curies":[{"name":"wp","href":"https:\/\/api.w.org\/{rel}","templated":true}]}}