{"id":11327,"date":"2023-08-02T09:52:38","date_gmt":"2023-08-02T12:52:38","guid":{"rendered":"https:\/\/www.visionweb.com.ar\/?p=11327"},"modified":"2023-08-01T20:04:33","modified_gmt":"2023-08-01T23:04:33","slug":"larreta-y-santilli-consiguieron-el-respaldo-de-facundo-manes","status":"publish","type":"post","link":"https:\/\/www.visionweb.com.ar\/?p=11327","title":{"rendered":"Larreta y Santilli consiguieron el respaldo de Facundo Manes"},"content":{"rendered":"<p><em><strong>Los candidatos estuvieron en Tandil presentaron sus propuestas en y all\u00ed recibieron el apoyo del neurocient\u00edfico y diputado radical. Es por la internas de Juntos por el Cambio.<\/strong><\/em><!--more--><\/p>\n<p><strong><img loading=\"lazy\" decoding=\"async\" class=\"size-medium wp-image-11328 alignright\" src=\"https:\/\/www.visionweb.com.ar\/wp-content\/uploads\/2023\/08\/CANDIDATOS-EN-TANDIL-300x200.png\" alt=\"\" width=\"300\" height=\"200\" srcset=\"https:\/\/www.visionweb.com.ar\/wp-content\/uploads\/2023\/08\/CANDIDATOS-EN-TANDIL-300x200.png 300w, https:\/\/www.visionweb.com.ar\/wp-content\/uploads\/2023\/08\/CANDIDATOS-EN-TANDIL-768x512.png 768w, https:\/\/www.visionweb.com.ar\/wp-content\/uploads\/2023\/08\/CANDIDATOS-EN-TANDIL.png 800w\" sizes=\"auto, (max-width: 300px) 100vw, 300px\" \/>E<\/strong>l precandidato presidencial de Juntos por el Cambio, Horacio Rodr\u00edguez Larreta, y el postulante a la gobernaci\u00f3n bonaerense, Diego Santilli, visitaron este martes la localidad bonaerense de Tandil.<\/p>\n<p>En la ciudad serrana presentaron sus propuestas y recibieron el respaldo del neurocient\u00edfico y diputado nacional del radicalismo, Facundo Manes.<\/p>\n<p>\u201cEstoy ac\u00e1 en Tandil para apoyar a Horacio Rodr\u00edguez Larreta, Diego Santilli y Miguel Lunghi\u201d, expres\u00f3 en Manes desde esa ciudad serrana.<\/p>\n<p>Cabe recordar que el neurocient\u00edfico se hab\u00eda medido en 2021 en las elecciones legislativas en una interna contra Diego Santilli y, hasta hace algunos meses, manten\u00eda sus aspiraciones de ser candidato a presidente por la Uni\u00f3n C\u00edvica Radical (UCR).<\/p>\n<p>\u201cYo quer\u00eda que la UCR tenga un candidato a Presidente pero no pudo ser, pero soy un hombre previsible, que respeta los partidos pol\u00edticos y las decisiones de los dirigentes\u201d, resalt\u00f3, Manes.<\/p>\n<p>En ese sentido record\u00f3 que: \u201cEn 2021 di el paso y me involucr\u00e9 en la pol\u00edtica por el resto de mi vida. Lucho desde siempre por las ideas. Hay que cambiar la matriz productiva y tener un pueblo educado y nutrido\u201d, agreg\u00f3.<\/p>\n<p>Asimismo, sostuvo que \u201chace 40 a\u00f1os, hubo una bisagra: vivir en democracia. Hoy debemos plantear una nueva bisagra que es generar el desarrollo. Apuesto a que este espacio convoque a una nueva mayor\u00eda social para lograr ese desarrollo indispensable que la Argentina necesita\u201d.<\/p>\n<p>Larreta, por su parte, puso a la ciudad de Tandil como ejemplo de desarrollo federal y dijo que se transform\u00f3 en \u201cun ejemplo, con un polo tecnol\u00f3gico que tiene 51 empresas que dan trabajo a miles de personas\u201d.<\/p>\n<p>\u201cVamos a volver a hacer de la Argentina un pa\u00eds federal donde haya oportunidad de desarrollo, d\u00e1ndole m\u00e1s autonom\u00eda los municipios, crear otras cien Tandil, ciudades que crecen\u201d, apunt\u00f3 Larreta.<\/p>\n<p>El alcalde porte\u00f1o postul\u00f3 que si llega a la Casa Rosada ampliar\u00e1 la cobertura de telefon\u00eda e Internet 4G a todo el pa\u00eds y se licitar\u00e1 la banda de conexi\u00f3n de 5G.<\/p>\n<p>Tambi\u00e9n apunt\u00f3 a \u201cconvertir en autopista tramos de rutas nacionales y provinciales\u201d y volver a la pol\u00edtica de \u201ccielos abiertos\u201d en materia de aeronavegaci\u00f3n, que rigi\u00f3 durante el Gobierno de Mauricio Macri.<\/p>\n<p>Asimismo, cuestion\u00f3 la pol\u00edtica aerocomercial actual al calificarla de \u201crestrictiva\u201d y dijo que ahora \u201chay menos vuelos y m\u00e1s caros, y eso atenta contra el federalismo\u201d y anunci\u00f3: \u201cVamos a retomar la pol\u00edtica aerocomercial de cielos abiertos, reabriendo El Palomar y otros aeropuertos en todo el pa\u00eds\u201d.<\/p>\n<p>En otro tramo de su discurso, y en lo que pareci\u00f3 como una cr\u00edtica a su rival rumbo a las PASO, Patricia Bullrich, asegur\u00f3 que \u201cvivir mejor no es solo orden\u201d -el slogan de su contrincante en los spots de campa\u00f1a-, y agreg\u00f3 que quiere \u201cdesarrollo, trabajo, educaci\u00f3n y libertad\u201d.<\/p>\n<p>\u201cBajemos los decibeles, estamos hartos de escuchar que el pa\u00eds no tiene arreglo. Obvio que tiene arreglo, por eso propongo que hagamos el cambio de nuestras vidas\u201d, concluy\u00f3 Larreta, repitiendo el eslogan de su campa\u00f1a.<\/p>\n<p>Por su parte, Santilli llam\u00f3 a \u201cdesarrollar el potencial\u201d de la provincia de Buenos Aires y dijo que \u201cs\u00f3lo hay que soltarle la pata de arriba de la cabeza al productor\u201d a la vez que reiter\u00f3 su proyecto para eliminar 500 de las tasas impositivas que se pagan en ese distrito<strong>(VW)<\/strong>.<\/p>\n","protected":false},"excerpt":{"rendered":"<p>Los candidatos estuvieron en Tandil presentaron sus propuestas en y all\u00ed recibieron el apoyo del neurocient\u00edfico y diputado radical. Es por la internas de Juntos por el Cambio.<\/p>\n","protected":false},"author":3,"featured_media":11328,"comment_status":"closed","ping_status":"closed","sticky":false,"template":"","format":"standard","meta":{"_monsterinsights_skip_tracking":false,"_monsterinsights_sitenote_active":false,"_monsterinsights_sitenote_note":"","_monsterinsights_sitenote_category":0,"footnotes":""},"categories":[4],"tags":[184,963,920,1409],"class_list":["post-11327","post","type-post","status-publish","format-standard","has-post-thumbnail","hentry","category-politica","tag-larreta","tag-manes","tag-santilli","tag-tandil"],"_links":{"self":[{"href":"https:\/\/www.visionweb.com.ar\/index.php?rest_route=\/wp\/v2\/posts\/11327","targetHints":{"allow":["GET"]}}],"collection":[{"href":"https:\/\/www.visionweb.com.ar\/index.php?rest_route=\/wp\/v2\/posts"}],"about":[{"href":"https:\/\/www.visionweb.com.ar\/index.php?rest_route=\/wp\/v2\/types\/post"}],"author":[{"embeddable":true,"href":"https:\/\/www.visionweb.com.ar\/index.php?rest_route=\/wp\/v2\/users\/3"}],"replies":[{"embeddable":true,"href":"https:\/\/www.visionweb.com.ar\/index.php?rest_route=%2Fwp%2Fv2%2Fcomments&post=11327"}],"version-history":[{"count":1,"href":"https:\/\/www.visionweb.com.ar\/index.php?rest_route=\/wp\/v2\/posts\/11327\/revisions"}],"predecessor-version":[{"id":11329,"href":"https:\/\/www.visionweb.com.ar\/index.php?rest_route=\/wp\/v2\/posts\/11327\/revisions\/11329"}],"wp:featuredmedia":[{"embeddable":true,"href":"https:\/\/www.visionweb.com.ar\/index.php?rest_route=\/wp\/v2\/media\/11328"}],"wp:attachment":[{"href":"https:\/\/www.visionweb.com.ar\/index.php?rest_route=%2Fwp%2Fv2%2Fmedia&parent=11327"}],"wp:term":[{"taxonomy":"category","embeddable":true,"href":"https:\/\/www.visionweb.com.ar\/index.php?rest_route=%2Fwp%2Fv2%2Fcategories&post=11327"},{"taxonomy":"post_tag","embeddable":true,"href":"https:\/\/www.visionweb.com.ar\/index.php?rest_route=%2Fwp%2Fv2%2Ftags&post=11327"}],"curies":[{"name":"wp","href":"https:\/\/api.w.org\/{rel}","templated":true}]}}