{"id":11318,"date":"2023-08-02T08:13:18","date_gmt":"2023-08-02T11:13:18","guid":{"rendered":"https:\/\/www.visionweb.com.ar\/?p=11318"},"modified":"2023-08-02T21:39:03","modified_gmt":"2023-08-03T00:39:03","slug":"grindetti-nuestra-boleta-expresa-un-cambio-profundo","status":"publish","type":"post","link":"https:\/\/www.visionweb.com.ar\/?p=11318","title":{"rendered":"Grindetti: \u00abNuestra boleta expresa un cambio profundo\u00bb"},"content":{"rendered":"<p><strong><em>En los pr\u00f3ximos d\u00edas, el candidato de Bullrich en la provincia de Buenos Aires viajar\u00e1 al interior para visitar las localidades de Olavarr\u00eda, Tandil y Mar del Plata.<\/em><\/strong><!--more--><\/p>\n<p><strong><img loading=\"lazy\" decoding=\"async\" class=\"size-medium wp-image-11320 alignleft\" src=\"https:\/\/www.visionweb.com.ar\/wp-content\/uploads\/2023\/08\/GRINDETTI-DOS-255x300.jpeg\" alt=\"\" width=\"255\" height=\"300\" srcset=\"https:\/\/www.visionweb.com.ar\/wp-content\/uploads\/2023\/08\/GRINDETTI-DOS-255x300.jpeg 255w, https:\/\/www.visionweb.com.ar\/wp-content\/uploads\/2023\/08\/GRINDETTI-DOS.jpeg 480w\" sizes=\"auto, (max-width: 255px) 100vw, 255px\" \/>E<\/strong>l intendente de Lan\u00fas y precandidato\u00a0 a gobernador, en la provincia de Buenos Aires, Nestor Grindetti mantuvo un encuentro con vecinos y militantes de Juntos por el Cambio en la localidad de Luis Guill\u00f3n.<\/p>\n<p>En el Mitin pidi\u00f3 \u00bb militar por un cambio de punta a punta\u00bb, al tiempo que relativiz\u00f3 los apoyos que recibi\u00f3 Larreta en las \u00faltimas horas.<\/p>\n<p>Grindetti, que acompa\u00f1a a Patricia Bullrich, pre candidata a la Presidencia agreg\u00f3 que \u00abAc\u00e1 lo importante es la consideraci\u00f3n de la gente sobre Patricia, no creo que el apoyo de Manes o Vidal hagan mella en la opini\u00f3n p\u00fablica\u00bb<\/p>\n<p>Luego de su paso por La Plata, el intendente de Lan\u00fas, en uso de licencia, que va por \u00abLa Fuerza del Cambio\u00bb, acompa\u00f1ado del diputado nacional, Cristian Ritondo lleg\u00f3 hasta Esteban Echverria para compartir un acto partidario con vecinos y militantes de ese distrito, all\u00ed realiz\u00f3 una fuerte arenga en el \u00faltimo trama de la campa\u00f1a de cara a las elecciones PASO del domingo 13 de Agosto.<\/p>\n<p>\u00bb Nuestra boleta expresa un cambio profundo de punta a punta, desde Patricia hasta el \u00faltimo concejal, veo que algunos est\u00e1n queriendo confundir al electorado haciendo maniobras propias de estos tiempos electorales, aca la fuerza del cambio somos todos lo que abrazamos esta idea de transformaci\u00f3n estructural y profunda sin miramientos ni concesiones\u00bb, analiz\u00f3 Grindetti.<\/p>\n<p>Consultado por los apoyos que por estas horas est\u00e1 recibiendo Horacio Rodriguez Larreta, Grindetti lo relativiz\u00f3: \u00bb Ac\u00e1 lo importante es la consideraci\u00f3n de la gente sobre Patricia, no creo que el apoyo de Manes o Vidal hagan mella en la opini\u00f3n p\u00fablica, yo veo un componente emocional muy importante en estas elecciones, la sociedad necesita de un estado que lo cuide y proteja y Patricia tiene ese tipo de liderazgo\u00bb.<\/p>\n<p>Grindetti estuvo acompa\u00f1ado del precandidato local, Luciano Gomez Alvari\u00f1o, el diputado nacional, Cristian Ritondo y el vicepresidente de la c\u00e1mara de diputados bonaerense, Adrian Urreli, entre otros dirigentes.<\/p>\n<p>En los pr\u00f3ximos d\u00edas, el candidato de Bullrich en la provincia de Buenos Aires viajar\u00e1 al interior para visitar las localidades de Olavarr\u00eda, Tandil y Mar del Plata para luego volver durante el fin de semana al conurbano bonaerense<strong>(VW)<\/strong>.<\/p>\n","protected":false},"excerpt":{"rendered":"<p>En los pr\u00f3ximos d\u00edas, el candidato de Bullrich en la provincia de Buenos Aires viajar\u00e1 al interior para visitar las localidades de Olavarr\u00eda, Tandil y Mar del Plata.<\/p>\n","protected":false},"author":3,"featured_media":11319,"comment_status":"closed","ping_status":"closed","sticky":false,"template":"","format":"standard","meta":{"_monsterinsights_skip_tracking":false,"_monsterinsights_sitenote_active":false,"_monsterinsights_sitenote_note":"","_monsterinsights_sitenote_category":0,"footnotes":""},"categories":[4],"tags":[],"class_list":["post-11318","post","type-post","status-publish","format-standard","has-post-thumbnail","hentry","category-politica"],"_links":{"self":[{"href":"https:\/\/www.visionweb.com.ar\/index.php?rest_route=\/wp\/v2\/posts\/11318","targetHints":{"allow":["GET"]}}],"collection":[{"href":"https:\/\/www.visionweb.com.ar\/index.php?rest_route=\/wp\/v2\/posts"}],"about":[{"href":"https:\/\/www.visionweb.com.ar\/index.php?rest_route=\/wp\/v2\/types\/post"}],"author":[{"embeddable":true,"href":"https:\/\/www.visionweb.com.ar\/index.php?rest_route=\/wp\/v2\/users\/3"}],"replies":[{"embeddable":true,"href":"https:\/\/www.visionweb.com.ar\/index.php?rest_route=%2Fwp%2Fv2%2Fcomments&post=11318"}],"version-history":[{"count":3,"href":"https:\/\/www.visionweb.com.ar\/index.php?rest_route=\/wp\/v2\/posts\/11318\/revisions"}],"predecessor-version":[{"id":11339,"href":"https:\/\/www.visionweb.com.ar\/index.php?rest_route=\/wp\/v2\/posts\/11318\/revisions\/11339"}],"wp:featuredmedia":[{"embeddable":true,"href":"https:\/\/www.visionweb.com.ar\/index.php?rest_route=\/wp\/v2\/media\/11319"}],"wp:attachment":[{"href":"https:\/\/www.visionweb.com.ar\/index.php?rest_route=%2Fwp%2Fv2%2Fmedia&parent=11318"}],"wp:term":[{"taxonomy":"category","embeddable":true,"href":"https:\/\/www.visionweb.com.ar\/index.php?rest_route=%2Fwp%2Fv2%2Fcategories&post=11318"},{"taxonomy":"post_tag","embeddable":true,"href":"https:\/\/www.visionweb.com.ar\/index.php?rest_route=%2Fwp%2Fv2%2Ftags&post=11318"}],"curies":[{"name":"wp","href":"https:\/\/api.w.org\/{rel}","templated":true}]}}