{"id":11314,"date":"2023-08-01T17:10:54","date_gmt":"2023-08-01T20:10:54","guid":{"rendered":"https:\/\/www.visionweb.com.ar\/?p=11314"},"modified":"2023-08-01T17:10:54","modified_gmt":"2023-08-01T20:10:54","slug":"rumbo-a-las-paso-balladares-presento-sus-propuestas-para-lanus","status":"publish","type":"post","link":"https:\/\/www.visionweb.com.ar\/?p=11314","title":{"rendered":"Rumbo a las PASO: Balladares, present\u00f3 sus propuestas para\u00a0 Lan\u00fas"},"content":{"rendered":"<p><strong>\u00a0<\/strong><em><strong>Con eje en la producci\u00f3n, las propuestas de Balladares se centran en la\u00a0educaci\u00f3n, exportaci\u00f3n y reg\u00edmenes que faciliten la realizaci\u00f3n de tr\u00e1mites,\u00a0para impulsar la producci\u00f3n local. \u201cLan\u00fas da para m\u00e1s, con m\u00e1s trabajo y producci\u00f3n para todos y todas\u201d, dijo.<\/strong><\/em><!--more--><\/p>\n<p><strong><img loading=\"lazy\" decoding=\"async\" class=\"size-full wp-image-11315 alignright\" src=\"https:\/\/www.visionweb.com.ar\/wp-content\/uploads\/2023\/08\/a-balladares.png\" alt=\"\" width=\"300\" height=\"233\" \/>\u00a0\u00a0 E<\/strong>l concejal y precandidato a intendente de Lan\u00fas por Uni\u00f3n por la Patria, <strong>Agust\u00edn Balladares<\/strong>, present\u00f3 sus propuestas, de cara a las pr\u00f3ximas PASO, que se focalizan en mejorar \u201cel sector productivo de la ciudad, la educaci\u00f3n y capacitaci\u00f3n de las trabajadoras y trabajadores<strong>\u00a0<\/strong>para que accedan a empleos de calidad, y pol\u00edticas locales de desarrollo para incentivar el aumento de la productividad de las empresas\u201d.<\/p>\n<p><strong>\u00a0E<\/strong>l precandidato a intendente de Lan\u00fas de Uni\u00f3n por la Patria, detall\u00f3 que la comuna tiene que dejar de ser \u201cel patio trasero\u201d de la Ciudad Aut\u00f3noma de Buenos Aires para pasar a ser una Lan\u00fas Productiva. A la vez exalt\u00f3:<strong> \u201cLan\u00fas da para m\u00e1s, con m\u00e1s trabajo y producci\u00f3n para todos y todas\u201d.<\/strong><\/p>\n<p>Las propuestas de Balladares tienen como ejes principales la\u00a0<strong>educaci\u00f3n, exportaci\u00f3n y reg\u00edmenes que faciliten la realizaci\u00f3n de tr\u00e1mites,\u00a0<\/strong>todos con el mismo fin, impulsar la producci\u00f3n local.<\/p>\n<p>Las propuestas:<\/p>\n<ul>\n<li><strong>Creaci\u00f3n de escuela tecnol\u00f3gicas y de capacitaci\u00f3n\u00a0<\/strong>de oficios en cada barrio, que garanticen el refuerzo de capacitaciones en oficios y nuevas tecnolog\u00edas, a trav\u00e9s de la Direcci\u00f3n de Empleo de la Municipalidad, que pasar\u00e1 a tener rango de Subsecretar\u00eda.<\/li>\n<li><strong>Creaci\u00f3n de condiciones para radicar nuevas empresas\u00a0<\/strong>sin impuestos para quienes contraten a personas que habiten el municipio.<\/li>\n<li><strong>Articulaci\u00f3n con la provincia\u00a0<\/strong>de Buenos Aires y el Gobierno nacional para impulsar las exportaciones.<\/li>\n<li><strong>Instalaci\u00f3n de g\u00f3ndolas\u00a0<\/strong>en los supermercados, centros comerciales y comercios locales, para uso exclusivo de productos locales<\/li>\n<li><strong>Creaci\u00f3n de una inmobiliaria municipal,\u00a0<\/strong>que cumpla el rol de asesoramiento gratuito para alquileres y renovaci\u00f3n de contratos de viviendas o locales comerciales y mediar en negociaciones entre propietarios e inquilinos.<\/li>\n<li><strong>Creaci\u00f3n de Oficinas Municipales de Empleo\u00a0<\/strong>descentralizada como espacios de v\u00ednculo entre vecinos, empresarios y el Municipio.<\/li>\n<\/ul>\n<p>\u201cLan\u00fas cuenta con una importante actividad industrial, comercial y de servicios, sin embargo la falta de pol\u00edticas locales de desarrollo, impide el aumento de la productividad de las empresas y la\u00a0<strong>capacitaci\u00f3n de las trabajadoras y trabajadores\u00a0<\/strong>para que accedan a empleos de calidad o se incorporen desde la econom\u00eda social a las distintas cadenas de valor\u201d, enumer\u00f3.<\/p>\n<p>En torno a la falta de posibilidades que tiene la comuna para la producci\u00f3n local, el edil del Movimento Evita asegur\u00f3 que solo \u201cbasta con se\u00f1alar que\u00a0<strong>Lan\u00fas no tiene beneficios impositivos para las empresas locales ni incentivos para que se radiquen\u00a0<\/strong>nuevas industrias\u201d.<\/p>\n<p>Balladares\u00a0<strong>competir\u00e1 en las PASO con otros tres precandidatos a intendente de Lan\u00fas\u00a0<\/strong><strong>de Uni\u00f3n por la Patria<\/strong>, Juli\u00e1n Alvarez de La C\u00e1mpora, Nicol\u00e1s Russo del Frente Renovador, y V\u00edctor De Gennaro de Uni\u00f3n Popular. <strong>(VW)<\/strong><\/p>\n","protected":false},"excerpt":{"rendered":"<p>\u00a0Con eje en la producci\u00f3n, las propuestas de Balladares se centran en la\u00a0educaci\u00f3n, exportaci\u00f3n y reg\u00edmenes que faciliten la realizaci\u00f3n de tr\u00e1mites,\u00a0para impulsar la producci\u00f3n local. \u201cLan\u00fas da para m\u00e1s, con m\u00e1s trabajo y&#46;&#46;&#46;<\/p>\n","protected":false},"author":4,"featured_media":11315,"comment_status":"closed","ping_status":"closed","sticky":false,"template":"","format":"standard","meta":{"_monsterinsights_skip_tracking":false,"_monsterinsights_sitenote_active":false,"_monsterinsights_sitenote_note":"","_monsterinsights_sitenote_category":0,"footnotes":""},"categories":[4],"tags":[4707,19,4675,4708],"class_list":["post-11314","post","type-post","status-publish","format-standard","has-post-thumbnail","hentry","category-politica","tag-agustin-balladares","tag-lanus","tag-precandidato-a-intendente","tag-union-por-la-patria"],"_links":{"self":[{"href":"https:\/\/www.visionweb.com.ar\/index.php?rest_route=\/wp\/v2\/posts\/11314","targetHints":{"allow":["GET"]}}],"collection":[{"href":"https:\/\/www.visionweb.com.ar\/index.php?rest_route=\/wp\/v2\/posts"}],"about":[{"href":"https:\/\/www.visionweb.com.ar\/index.php?rest_route=\/wp\/v2\/types\/post"}],"author":[{"embeddable":true,"href":"https:\/\/www.visionweb.com.ar\/index.php?rest_route=\/wp\/v2\/users\/4"}],"replies":[{"embeddable":true,"href":"https:\/\/www.visionweb.com.ar\/index.php?rest_route=%2Fwp%2Fv2%2Fcomments&post=11314"}],"version-history":[{"count":1,"href":"https:\/\/www.visionweb.com.ar\/index.php?rest_route=\/wp\/v2\/posts\/11314\/revisions"}],"predecessor-version":[{"id":11316,"href":"https:\/\/www.visionweb.com.ar\/index.php?rest_route=\/wp\/v2\/posts\/11314\/revisions\/11316"}],"wp:featuredmedia":[{"embeddable":true,"href":"https:\/\/www.visionweb.com.ar\/index.php?rest_route=\/wp\/v2\/media\/11315"}],"wp:attachment":[{"href":"https:\/\/www.visionweb.com.ar\/index.php?rest_route=%2Fwp%2Fv2%2Fmedia&parent=11314"}],"wp:term":[{"taxonomy":"category","embeddable":true,"href":"https:\/\/www.visionweb.com.ar\/index.php?rest_route=%2Fwp%2Fv2%2Fcategories&post=11314"},{"taxonomy":"post_tag","embeddable":true,"href":"https:\/\/www.visionweb.com.ar\/index.php?rest_route=%2Fwp%2Fv2%2Ftags&post=11314"}],"curies":[{"name":"wp","href":"https:\/\/api.w.org\/{rel}","templated":true}]}}