{"id":11311,"date":"2023-08-01T16:40:22","date_gmt":"2023-08-01T19:40:22","guid":{"rendered":"https:\/\/www.visionweb.com.ar\/?p=11311"},"modified":"2023-08-01T16:40:22","modified_gmt":"2023-08-01T19:40:22","slug":"salud-comenzo-la-semana-mundial-de-la-lactancia","status":"publish","type":"post","link":"https:\/\/www.visionweb.com.ar\/?p=11311","title":{"rendered":"Salud: Comenz\u00f3 la Semana Mundial de la Lactancia"},"content":{"rendered":"<p><em><strong>Se trata de una campa\u00f1a mundial para crear conciencia sobre la importancia de amamantar.<\/strong><\/em><!--more--><\/p>\n<p><img loading=\"lazy\" decoding=\"async\" class=\"size-medium wp-image-11312 alignright\" src=\"https:\/\/www.visionweb.com.ar\/wp-content\/uploads\/2023\/08\/a-lactan-300x229.png\" alt=\"\" width=\"300\" height=\"229\" srcset=\"https:\/\/www.visionweb.com.ar\/wp-content\/uploads\/2023\/08\/a-lactan-300x229.png 300w, https:\/\/www.visionweb.com.ar\/wp-content\/uploads\/2023\/08\/a-lactan.png 338w\" sizes=\"auto, (max-width: 300px) 100vw, 300px\" \/>\u00a0 <strong>L<\/strong>a\u00a0<strong>Semana Mundial de la Lactancia Materna<\/strong>, se desarrolla desde el 1 al 7 de agosto, mediante \u00a0una campa\u00f1a coordinada por la Alianza Mundial para la Acci\u00f3n de Lactancia Materna (WABA, por sus siglas en ingl\u00e9s), y \u00a0con el apoyo de la OMS, el UNICEF y muchas organizaciones, para crear conciencia y estimular la acci\u00f3n sobre temas relacionados con la lactancia.<\/p>\n<p>En ese sentido, la\u00a0<strong><a href=\"https:\/\/www.paho.org\/es\/campanas\/semana-mundial-lactancia-materna-2023-hagamos-que-lactancia-trabajo-funcione\">Organizaci\u00f3n Panamericana de la Salud (OPS)<\/a><\/strong>\u00a0explic\u00f3 que\u00a0<strong>\u00abm\u00e1s de 500 millones de mujeres trabajadoras no cuentan con la protecci\u00f3n esencial de la maternidad en las leyes nacionales\u00bb<\/strong>\u00a0y que \u00absolo el 20% de los pa\u00edses requieren que los empleadores proporcionen a las empleadas descansos pagados e instalaciones para amamantar o extraer leche\u00bb.<\/p>\n<p>Por su parte, el\u00a0<strong>Ministerio de Salud de la provincia de Buenos Aires<\/strong><a href=\"https:\/\/twitter.com\/SaludBAP\/status\/1686342219874123777\">\u00a0inform\u00f3 a trav\u00e9s de sus redes sociales\u00a0<\/a>que \u00abla lactancia es un deseo y una decisi\u00f3n, pero tambi\u00e9n un derecho\u201d.<\/p>\n<p>Conforme a esto, y \u201cen el marco de la Ley 26.873, se deben generar las condiciones adecuadas en el \u00e1mbito laboral para facilitar la lactancia\u00bb.<\/p>\n<p>En esa l\u00ednea, la cartera sanitaria detall\u00f3 algunas\u00a0<strong>recomendaciones y datos a tener en cuenta<\/strong>:<\/p>\n<ul>\n<li>La lactancia temprana a demanda y exclusiva hasta los 6 meses con el apoyo de la comunidad.<\/li>\n<li>\u00bfCu\u00e1ndo empezar? Apenas nace tu beb\u00e9. EL contacto cercano, piel a piel, desde el nacimiento facilita la lactancia.<\/li>\n<li><strong>\u00bfC\u00f3mo amamantar? Existen diferentes posiciones, es importante que encuentres una postura confortable y que tu beb\u00e9 est\u00e9 sosteniendo o sostenida de manera segura.<\/strong><\/li>\n<li>\u00bfCada cu\u00e1nto? A demanda, es decir, todas las veces, el tiempo y la cantidad que tu beb\u00e9 pida.<\/li>\n<li>\u00bfQu\u00e9 es la lactancia humana exclusiva? <strong>Tu beb\u00e9 no necesita ning\u00fan otro alimento hasta los 6 meses<\/strong> y se puede extender todo lo que desees, a\u00fan cuando se empieza a complementar con otros alimentos.<\/li>\n<\/ul>\n<p>Adem\u00e1s, el Ministerio explic\u00f3 que \u00abla leche humana brinda los nutrientes que las ni\u00f1eces necesitan para un crecimiento saludable: hasta los 6 meses tu beb\u00e9 no necesita de ning\u00fan otro alimento. Es fundamental el apoyo del entorno familiar y la comunidad para sostener la lactancia\u00bb.<\/p>\n<p>Por su parte, la <strong>Sociedad Argentina de Pediatr\u00eda<\/strong> explic\u00f3 a trav\u00e9s de su cuenta oficial de Instagram la necesidad de amamantar en la primera hora de vida del beb\u00e9, porque:<\/p>\n<p>Disminuye las enfermedades y la mortalidad en los bebes.<\/p>\n<p>Baja la incidencia de infecciones respiratorias y de diarrea.<\/p>\n<p>A largo plazo, disminuye el riesgo de sobrepeso y diabetes tipo 2.<\/p>\n<p>Es una oportunidad de apego y disfrute con beneficios en el desarrollo infantil. <strong>(VW)<\/strong><\/p>\n","protected":false},"excerpt":{"rendered":"<p>Se trata de una campa\u00f1a mundial para crear conciencia sobre la importancia de amamantar.<\/p>\n","protected":false},"author":4,"featured_media":11312,"comment_status":"closed","ping_status":"closed","sticky":false,"template":"","format":"standard","meta":{"_monsterinsights_skip_tracking":false,"_monsterinsights_sitenote_active":false,"_monsterinsights_sitenote_note":"","_monsterinsights_sitenote_category":0,"footnotes":""},"categories":[8,5],"tags":[4705,4704,4703,4706],"class_list":["post-11311","post","type-post","status-publish","format-standard","has-post-thumbnail","hentry","category-interes-general","category-sociedad","tag-ministerio-salud-de-la-provincia","tag-primera-semana-de-agosto","tag-semana-mundial-dela-lactancia","tag-sociedad-argentina-de-pediatria"],"_links":{"self":[{"href":"https:\/\/www.visionweb.com.ar\/index.php?rest_route=\/wp\/v2\/posts\/11311","targetHints":{"allow":["GET"]}}],"collection":[{"href":"https:\/\/www.visionweb.com.ar\/index.php?rest_route=\/wp\/v2\/posts"}],"about":[{"href":"https:\/\/www.visionweb.com.ar\/index.php?rest_route=\/wp\/v2\/types\/post"}],"author":[{"embeddable":true,"href":"https:\/\/www.visionweb.com.ar\/index.php?rest_route=\/wp\/v2\/users\/4"}],"replies":[{"embeddable":true,"href":"https:\/\/www.visionweb.com.ar\/index.php?rest_route=%2Fwp%2Fv2%2Fcomments&post=11311"}],"version-history":[{"count":1,"href":"https:\/\/www.visionweb.com.ar\/index.php?rest_route=\/wp\/v2\/posts\/11311\/revisions"}],"predecessor-version":[{"id":11313,"href":"https:\/\/www.visionweb.com.ar\/index.php?rest_route=\/wp\/v2\/posts\/11311\/revisions\/11313"}],"wp:featuredmedia":[{"embeddable":true,"href":"https:\/\/www.visionweb.com.ar\/index.php?rest_route=\/wp\/v2\/media\/11312"}],"wp:attachment":[{"href":"https:\/\/www.visionweb.com.ar\/index.php?rest_route=%2Fwp%2Fv2%2Fmedia&parent=11311"}],"wp:term":[{"taxonomy":"category","embeddable":true,"href":"https:\/\/www.visionweb.com.ar\/index.php?rest_route=%2Fwp%2Fv2%2Fcategories&post=11311"},{"taxonomy":"post_tag","embeddable":true,"href":"https:\/\/www.visionweb.com.ar\/index.php?rest_route=%2Fwp%2Fv2%2Ftags&post=11311"}],"curies":[{"name":"wp","href":"https:\/\/api.w.org\/{rel}","templated":true}]}}