{"id":11305,"date":"2023-07-31T11:06:59","date_gmt":"2023-07-31T14:06:59","guid":{"rendered":"https:\/\/www.visionweb.com.ar\/?p=11305"},"modified":"2023-07-31T11:06:59","modified_gmt":"2023-07-31T14:06:59","slug":"vacaciones-de-invierno-viajaron-mas-de-5-millones-de-turistas","status":"publish","type":"post","link":"https:\/\/www.visionweb.com.ar\/?p=11305","title":{"rendered":"Vacaciones de invierno: Viajaron m\u00e1s de 5 millones de turistas"},"content":{"rendered":"<p><em><strong>Las vacaciones de invierno terminaron con un gran impacto econ\u00f3mico de m\u00e1s de USD 1500 millones, y desde CAME aseguraron que fueron las mejores en 6 a\u00f1os.<\/strong><\/em><strong>\u00a0<\/strong><!--more--><\/p>\n<p><strong> <img loading=\"lazy\" decoding=\"async\" class=\"size-medium wp-image-11306 aligncenter\" src=\"https:\/\/www.visionweb.com.ar\/wp-content\/uploads\/2023\/07\/a-vacac-300x102.png\" alt=\"\" width=\"300\" height=\"102\" srcset=\"https:\/\/www.visionweb.com.ar\/wp-content\/uploads\/2023\/07\/a-vacac-300x102.png 300w, https:\/\/www.visionweb.com.ar\/wp-content\/uploads\/2023\/07\/a-vacac.png 367w\" sizes=\"auto, (max-width: 300px) 100vw, 300px\" \/>\u00a0 L<\/strong>a Confederaci\u00f3n Argentina de la Mediana Empresa <strong>(CAME)<\/strong> inform\u00f3 que esta temporada de invierno fue muy alentadora, con una cifra r\u00e9cord que representa un 6,7% m\u00e1s que en 2022, y \u00a0asegur\u00f3 que este ha sido el mejor invierno de los \u00faltimos 6 a\u00f1os.<\/p>\n<p>El presidente de la entidad,<strong>\u00a0Alfredo Gonz\u00e1lez<\/strong>, junto con el ministro de Turismo y Deportes de la Naci\u00f3n,\u00a0<strong>Mat\u00edas Lammens<\/strong>, analiz\u00f3 la temporada de vacaciones de invierno, en la que se movilizaron\u00a0<strong>m\u00e1s de 5 millones de turistas<\/strong>\u00a0y 10 millones de excursionistas, e implic\u00f3 un\u00a0<strong>impacto econ\u00f3mico en las econom\u00edas regionales de 1500 millones de d\u00f3lares<\/strong>\u00a0(a moneda constante, a d\u00f3lar oficial).<\/p>\n<p>\u201c<strong>Estos 21 d\u00edas reflejan la mejor temporada invernal desde 2017<\/strong>\u00ab, expres\u00f3 el titular de CAME y agreg\u00f3: \u201cEl turismo es un gran derramador en varios sectores, ya que en las localidades que reciben visitantes no s\u00f3lo se benefician los emprendimientos ligados a la actividad, sino todos los dem\u00e1s comercios\u201d.<\/p>\n<p>De acuerdo a los n\u00fameros difundidos por CAME, el impacto econ\u00f3mico super\u00f3 los $410.633 millones. Entre los principales motivos de esta exitosa temporada, se destaca la llegada de turistas del extranjero, que por cuarto mes consecutivo marca cifras hist\u00f3ricas. Se proyecta que en julio de 2023 ingresaron cerca de 600 mil extranjeros, lo que report\u00f3 ingresos por m\u00e1s de USD 400 millones.<\/p>\n<p>Mientras que el\u00a0relevamiento del Observatorio Argentino de Turismo (OAT) inform\u00f3 que las provincias de Salta, Santiago del Estero, Misiones, Catamarca, San Juan, y la Ciudad de Buenos Aires tuvieron los mayores niveles de ocupaci\u00f3n. Por su parte, San Carlos de Bariloche, San Mart\u00edn de los Andes, Ushuaia, Puerto Iguaz\u00fa, Tandil, y las ciudades de Mendoza y Salta fueron los destinos m\u00e1s elegidos.<\/p>\n<p>Tambi\u00e9n hubo m\u00e1s presencia de turistas que el a\u00f1o pasado en ciudades que habitualmente no eran muy visitadas.<\/p>\n<p>A su vez,<strong>\u00a0se estima que 600 mil turistas de decenas de nacionalidades arribaron a la Argentina y gastaron 430 millones de d\u00f3lares<\/strong>. Al d\u00f3lar oficial, significaron $121.690 millones, o $29.200 diarios por persona, estimando una estad\u00eda promedio de 7 d\u00edas.<\/p>\n<p><strong>Otras<\/strong> <strong>medidas para el turismo:<\/strong><\/p>\n<p>Adem\u00e1s, cabe recordar que en los \u00faltimos d\u00edas, el gobierno confirm\u00f3 que habr\u00e1 una nueva edici\u00f3n del programa PreViaje, cuyas fechas y detalles se conocer\u00e1n \u00a0luego de las pr\u00f3ximas PASO del 13 de agosto.<\/p>\n<p>Pero tambi\u00e9n las\u00a0<strong>empresas de l\u00edneas de \u00e1reas Aerol\u00edneas Argentinas, Andes L\u00edneas A\u00e9reas, Fly Bondi y Jetsmart se suman pr\u00f3ximamente al programa Precios Justos, <\/strong>desde el 1 de agosto y hasta el 30 de noviembre.<\/p>\n<p>Esta adhesi\u00f3n entrar\u00e1 en vigencia el d\u00eda 1 de agosto y se utilizar\u00e1n como referencia las tarifas de cada empresa al 31\u00ba de julio. <strong>(VW)<\/strong><\/p>\n","protected":false},"excerpt":{"rendered":"<p>Las vacaciones de invierno terminaron con un gran impacto econ\u00f3mico de m\u00e1s de USD 1500 millones, y desde CAME aseguraron que fueron las mejores en 6 a\u00f1os.\u00a0<\/p>\n","protected":false},"author":4,"featured_media":11306,"comment_status":"closed","ping_status":"closed","sticky":false,"template":"","format":"standard","meta":{"_monsterinsights_skip_tracking":false,"_monsterinsights_sitenote_active":false,"_monsterinsights_sitenote_note":"","_monsterinsights_sitenote_category":0,"footnotes":""},"categories":[6,700],"tags":[309,3203,49,4698],"class_list":["post-11305","post","type-post","status-publish","format-standard","has-post-thumbnail","hentry","category-economia","category-turismo","tag-came","tag-precios-justos","tag-turismo","tag-vacaciones-de-invierno-2023"],"_links":{"self":[{"href":"https:\/\/www.visionweb.com.ar\/index.php?rest_route=\/wp\/v2\/posts\/11305","targetHints":{"allow":["GET"]}}],"collection":[{"href":"https:\/\/www.visionweb.com.ar\/index.php?rest_route=\/wp\/v2\/posts"}],"about":[{"href":"https:\/\/www.visionweb.com.ar\/index.php?rest_route=\/wp\/v2\/types\/post"}],"author":[{"embeddable":true,"href":"https:\/\/www.visionweb.com.ar\/index.php?rest_route=\/wp\/v2\/users\/4"}],"replies":[{"embeddable":true,"href":"https:\/\/www.visionweb.com.ar\/index.php?rest_route=%2Fwp%2Fv2%2Fcomments&post=11305"}],"version-history":[{"count":1,"href":"https:\/\/www.visionweb.com.ar\/index.php?rest_route=\/wp\/v2\/posts\/11305\/revisions"}],"predecessor-version":[{"id":11307,"href":"https:\/\/www.visionweb.com.ar\/index.php?rest_route=\/wp\/v2\/posts\/11305\/revisions\/11307"}],"wp:featuredmedia":[{"embeddable":true,"href":"https:\/\/www.visionweb.com.ar\/index.php?rest_route=\/wp\/v2\/media\/11306"}],"wp:attachment":[{"href":"https:\/\/www.visionweb.com.ar\/index.php?rest_route=%2Fwp%2Fv2%2Fmedia&parent=11305"}],"wp:term":[{"taxonomy":"category","embeddable":true,"href":"https:\/\/www.visionweb.com.ar\/index.php?rest_route=%2Fwp%2Fv2%2Fcategories&post=11305"},{"taxonomy":"post_tag","embeddable":true,"href":"https:\/\/www.visionweb.com.ar\/index.php?rest_route=%2Fwp%2Fv2%2Ftags&post=11305"}],"curies":[{"name":"wp","href":"https:\/\/api.w.org\/{rel}","templated":true}]}}