{"id":11297,"date":"2023-07-28T14:47:02","date_gmt":"2023-07-28T17:47:02","guid":{"rendered":"https:\/\/www.visionweb.com.ar\/?p=11297"},"modified":"2023-07-28T14:47:02","modified_gmt":"2023-07-28T17:47:02","slug":"restriccion-de-transito-para-el-domingo-30-por-el-fin-de-las-vacaciones","status":"publish","type":"post","link":"https:\/\/www.visionweb.com.ar\/?p=11297","title":{"rendered":"Restricci\u00f3n de tr\u00e1nsito para el domingo 30, por el fin de las vacaciones"},"content":{"rendered":"<p><em><strong>Es para la circulaci\u00f3n de camiones con carga de m\u00e1s de siete toneladas en rutas provinciales y autopistas. Comienza a las 14 hs del domingo con sentido a Buenos Aires.<\/strong><\/em><!--more--><\/p>\n<p><img loading=\"lazy\" decoding=\"async\" class=\"size-full wp-image-11298 alignright\" src=\"https:\/\/www.visionweb.com.ar\/wp-content\/uploads\/2023\/07\/a-transito.png\" alt=\"\" width=\"288\" height=\"170\" \/> <strong>L<\/strong>a Direcci\u00f3n de Vialidad de la provincia de Buenos Aires, dependiente del Ministerio de Infraestructura y Servicios P\u00fablicos, comunic\u00f3 hoy que\u00a0<strong>este domingo se restringir\u00e1 la circulaci\u00f3n de camiones con carga de m\u00e1s de siete toneladas de porte bruto por la finalizaci\u00f3n de las vacaciones de invierno<\/strong>.<\/p>\n<p>Las restricciones ser\u00e1n en la<strong>\u00a0Autov\u00eda 2<\/strong>,<strong>\u00a0las Rutas Provinciales N\u00ba 11, N\u00ba 36, N\u00ba 56, N\u00ba 63, N\u00ba 74<\/strong>, y la\u00a0<strong>Autopista Buenos Aires-La Plata<\/strong>, con el objetivo de facilitar el desplazamiento vehicular y prevenir siniestros cuando las trazas estar\u00e1n recargadas de veh\u00edculos.<\/p>\n<p>Con sentido a la ciudad de Buenos Aires, el domingo la restricci\u00f3n ser\u00e1<strong>\u00a0entre las 14 y la medianoche<\/strong>, y quedar\u00e1n\u00a0<strong>exceptuados<\/strong>\u00a0temporaria o permanente los\u00a0<strong>veh\u00edculos de autotransporte de cargas menores a 7 toneladas y los veh\u00edculos de transporte de leche cruda<\/strong>, sus productos derivados, y envases asociados, de transporte de animales vivos, de pescado y mariscos congelados y de productos frutihort\u00edcolas en tr\u00e1nsito.<\/p>\n<p>Las excepciones tambi\u00e9n abarcan a<strong>l transporte exclusivo de prensa\u00a0<\/strong>y de unidades m\u00f3viles de medios de comunicaci\u00f3n audiovisual, de atenci\u00f3n de emergencias, de transporte de combustible, de gas natural comprimido y gas licuado de petr\u00f3leo, de transporte de gases necesarios para el funcionamiento de centros sanitarios, as\u00ed como de gases transportados a particulares para asistencias sanitarias domiciliaria. <strong>(VW)<\/strong><\/p>\n","protected":false},"excerpt":{"rendered":"<p>Es para la circulaci\u00f3n de camiones con carga de m\u00e1s de siete toneladas en rutas provinciales y autopistas. Comienza a las 14 hs del domingo con sentido a Buenos Aires.<\/p>\n","protected":false},"author":4,"featured_media":11298,"comment_status":"closed","ping_status":"closed","sticky":false,"template":"","format":"standard","meta":{"_monsterinsights_skip_tracking":false,"_monsterinsights_sitenote_active":false,"_monsterinsights_sitenote_note":"","_monsterinsights_sitenote_category":0,"footnotes":""},"categories":[8],"tags":[4693,4694,4691,4692],"class_list":["post-11297","post","type-post","status-publish","format-standard","has-post-thumbnail","hentry","category-interes-general","tag-autovias","tag-fin-de-vacaciones","tag-restrricones-de-circulacion","tag-rutas-provinciales"],"_links":{"self":[{"href":"https:\/\/www.visionweb.com.ar\/index.php?rest_route=\/wp\/v2\/posts\/11297","targetHints":{"allow":["GET"]}}],"collection":[{"href":"https:\/\/www.visionweb.com.ar\/index.php?rest_route=\/wp\/v2\/posts"}],"about":[{"href":"https:\/\/www.visionweb.com.ar\/index.php?rest_route=\/wp\/v2\/types\/post"}],"author":[{"embeddable":true,"href":"https:\/\/www.visionweb.com.ar\/index.php?rest_route=\/wp\/v2\/users\/4"}],"replies":[{"embeddable":true,"href":"https:\/\/www.visionweb.com.ar\/index.php?rest_route=%2Fwp%2Fv2%2Fcomments&post=11297"}],"version-history":[{"count":1,"href":"https:\/\/www.visionweb.com.ar\/index.php?rest_route=\/wp\/v2\/posts\/11297\/revisions"}],"predecessor-version":[{"id":11299,"href":"https:\/\/www.visionweb.com.ar\/index.php?rest_route=\/wp\/v2\/posts\/11297\/revisions\/11299"}],"wp:featuredmedia":[{"embeddable":true,"href":"https:\/\/www.visionweb.com.ar\/index.php?rest_route=\/wp\/v2\/media\/11298"}],"wp:attachment":[{"href":"https:\/\/www.visionweb.com.ar\/index.php?rest_route=%2Fwp%2Fv2%2Fmedia&parent=11297"}],"wp:term":[{"taxonomy":"category","embeddable":true,"href":"https:\/\/www.visionweb.com.ar\/index.php?rest_route=%2Fwp%2Fv2%2Fcategories&post=11297"},{"taxonomy":"post_tag","embeddable":true,"href":"https:\/\/www.visionweb.com.ar\/index.php?rest_route=%2Fwp%2Fv2%2Ftags&post=11297"}],"curies":[{"name":"wp","href":"https:\/\/api.w.org\/{rel}","templated":true}]}}