{"id":11288,"date":"2023-07-27T13:12:34","date_gmt":"2023-07-27T16:12:34","guid":{"rendered":"https:\/\/www.visionweb.com.ar\/?p=11288"},"modified":"2023-07-27T13:12:34","modified_gmt":"2023-07-27T16:12:34","slug":"educacion-grindetti-desafio-a-garantizar-190-dias-de-clases-en-la-provincia-y-sileoni-respondio","status":"publish","type":"post","link":"https:\/\/www.visionweb.com.ar\/?p=11288","title":{"rendered":"Educaci\u00f3n: Grindetti desafi\u00f3 a \u00abgarantizar 190 d\u00edas de clases\u00bb en la Provincia y Sileoni respondi\u00f3"},"content":{"rendered":"<p><em><strong>N\u00e9stor Grindetti, pidi\u00f3 firmar un \u201ccompromiso educativo\u201d tanto para \u00e9l, como para Axel Kicillof y Diego Santilli. Esta ma\u00f1ana Alberto Sileoni acept\u00f3 la propuesta, no sin dejar de defender su gesti\u00f3n oficialista: \u00abcon esas condiciones, estamos dispuestos\u00bb, dijo.<\/strong><\/em><!--more--><\/p>\n<div id=\"attachment_11289\" style=\"width: 280px\" class=\"wp-caption alignright\"><img loading=\"lazy\" decoding=\"async\" aria-describedby=\"caption-attachment-11289\" class=\"wp-image-11289 size-full\" src=\"https:\/\/www.visionweb.com.ar\/wp-content\/uploads\/2023\/07\/a-grindetti.png\" alt=\"\" width=\"270\" height=\"158\" \/><p id=\"caption-attachment-11289\" class=\"wp-caption-text\">N\u00e9stor Gridetti y Patricia Bullrich, proponen declarar la educaci\u00f3n como \u00abServicio Esencial\u00bb. Foto internet<\/p><\/div>\n<p><strong>\u00a0\u00a0 E<\/strong>l titular de Educaci\u00f3n de la Provincia,\u00a0<strong>Alberto Sileoni respondi\u00f3 hoy la propuesta formulada por <\/strong>\u00a0<strong>N\u00e9stor Grindetti<\/strong>, precandidato a Gobernador de Juntos por el Cambio, en la que pidi\u00f3 <strong>firmar un \u201ccompromiso educativo\u201d<\/strong> tanto para \u00e9l, como para Axel Kicillof y Diego Santilli,\u00a0de aumentar de 180 a 190 los d\u00edas de clases en la provincia de Buenos Aires, junto con el impulso de una ley de Patricia Bullrich para <strong>declarar la educaci\u00f3n como \u201cservicio esencial\u201d<\/strong>.<\/p>\n<p>Grindetti, que recorri\u00f3 Mar del Plata y Tandil, se reuni\u00f3 con docentes de escuelas p\u00fablicas y privadas para analizar la situaci\u00f3n educativa de la provincia, y expres\u00f3: <strong>\u00abTenemos que tomar un compromiso y transformar esta propuesta en pol\u00edtica p\u00fablica, yo le pido tanto a Axel Kicillof como a Diego Santilli que el pr\u00f3ximo gobernador que surja de nuestra disputa electoral tome este compromiso y garantice ya no 180 sino 190 d\u00edas de clases sin dejarse doblegar por Baradel y su doctrina que tanto da\u00f1o le hace al futuro de nuestros chicos\u00bb<\/strong>.<\/p>\n<p>Adem\u00e1s, <strong>destac\u00f3 \u00abel respaldo y la convicci\u00f3n de Patricia Bullrich, quien va a llevar adelante una ley para declarar servicio esencial a la educaci\u00f3n<\/strong>, evitando los paros salvajes y avanzando hacia una transformaci\u00f3n en el sistema educativo que sea de ra\u00edz\u00bb.<\/p>\n<p>Seg\u00fan Grindetti, el proyecto de ley incluye \u00ab<strong>Aggiornar los contenidos curriculares a los desaf\u00edos de este nuevo mundo, capacitando a los docentes, recomponiendo el salario, mejorando la infraestructura escolar y sumando a los municipios a esta tarea<\/strong>, nuestra dirigencia tiene que tener una mirada de largo plazo, la educaci\u00f3n es esencial\u201d.<\/p>\n<p><strong>La respuesta con letra de campa\u00f1a<\/strong>:<\/p>\n<p>Esta ma\u00f1ana, <strong>Alberto Sileoni<\/strong>, titular de Educaci\u00f3n provincial, asegur\u00f3 que en su gesti\u00f3n, los d\u00edas de clase \u00abse cumplen mucho m\u00e1s que cuando gobernaban ellos\u00bb, e indic\u00f3 que m\u00e1s all\u00e1 de eso, \u00ables decimos que coincidimos, estamos dispuestos\u00bb.<\/p>\n<div id=\"attachment_11290\" style=\"width: 250px\" class=\"wp-caption alignleft\"><img loading=\"lazy\" decoding=\"async\" aria-describedby=\"caption-attachment-11290\" class=\"wp-image-11290 size-full\" src=\"https:\/\/www.visionweb.com.ar\/wp-content\/uploads\/2023\/07\/a-sileoni.png\" alt=\"\" width=\"240\" height=\"240\" srcset=\"https:\/\/www.visionweb.com.ar\/wp-content\/uploads\/2023\/07\/a-sileoni.png 240w, https:\/\/www.visionweb.com.ar\/wp-content\/uploads\/2023\/07\/a-sileoni-150x150.png 150w, https:\/\/www.visionweb.com.ar\/wp-content\/uploads\/2023\/07\/a-sileoni-80x80.png 80w, https:\/\/www.visionweb.com.ar\/wp-content\/uploads\/2023\/07\/a-sileoni-65x65.png 65w\" sizes=\"auto, (max-width: 240px) 100vw, 240px\" \/><p id=\"caption-attachment-11290\" class=\"wp-caption-text\">Alberto Sileoni. Foto internet<\/p><\/div>\n<p>\u00abDeber\u00edamos incluir tambi\u00e9n la obligaci\u00f3n de seguir construyendo escuelas en la provincia. El compromiso de nunca m\u00e1s cerrar escuelas rurales, como se hizo con m\u00e1s de 30, entre 2016 y 2019\u00bb,\u00a0replic\u00f3 Sileoni.<\/p>\n<p>Y agreg\u00f3 que <strong>el compromiso debe incluir condiciones<\/strong>: como \u00abno eliminar la entrega de computadoras ni los viajes de egresados, ni el boleto escolar, ni el Programa Puentes que posibilita estudios universitarios en 40 municipios de nuestra provincia\u00bb.<\/p>\n<p>\u00abIncluyamos <strong>el deber de sostener el financiamiento educativo<\/strong>, nunca bajarlo y el compromiso de no pulverizar el salario de los docentes un 20 por ciento menos, ni intentar sustituirlos por voluntarios, ni descalificarlos, eso, descontamos que deber\u00e1 estar\u00bb, dijo Sileoni, aunque cabe recordar que en el Presupuesto 2023 hubo ajuste en Educaci\u00f3n y se redujo un 15,5 % .<\/p>\n<p>En la misma l\u00ednea, Sileoni le pidi\u00f3 incluir en el compromiso \u00abque su fuerza pol\u00edtica apure la creaci\u00f3n de las 5 universidades bonaerenses que han decidido trabar\u00bb, como as\u00ed tambi\u00e9n\u00a0<strong>\u00abel arreglo de escuelas, la creaci\u00f3n de nuevas instituciones\u00bb.<\/strong><\/p>\n<p>\u00abNo queremos olvidarnos de los 800 mil chicos de primaria que tienen m\u00e1s horas de clases (no se las saquen), la mejora de nuestros comedores, los nuevos dise\u00f1os curriculares en vigencia, el protagonismo estudiantil y los millones de libros que hemos distribuido\u00bb, agreg\u00f3 el director.<\/p>\n<p>Finalmente, plante\u00f3 que desde el Gobierno creen \u00aben compromisos profundos q sean m\u00e1s que t\u00edtulos de prensa; deben ser verdaderos acuerdos para sostener la inversi\u00f3n, respetar los derechos, escuchar a las comunidades, recorrer los territorios, gestionar y hablar menos\u00bb, por lo que afirm\u00f3 <strong>\u00abcon esas condiciones, adelante, cuenten con nosotros\u00bb<\/strong>. <strong>(VW)<\/strong><\/p>\n","protected":false},"excerpt":{"rendered":"<p>N\u00e9stor Grindetti, pidi\u00f3 firmar un \u201ccompromiso educativo\u201d tanto para \u00e9l, como para Axel Kicillof y Diego Santilli. Esta ma\u00f1ana Alberto Sileoni acept\u00f3 la propuesta, no sin dejar de defender su gesti\u00f3n oficialista: \u00abcon esas&#46;&#46;&#46;<\/p>\n","protected":false},"author":4,"featured_media":11290,"comment_status":"closed","ping_status":"closed","sticky":false,"template":"","format":"standard","meta":{"_monsterinsights_skip_tracking":false,"_monsterinsights_sitenote_active":false,"_monsterinsights_sitenote_note":"","_monsterinsights_sitenote_category":0,"footnotes":""},"categories":[7,4],"tags":[504,4686,18,356,2160],"class_list":["post-11288","post","type-post","status-publish","format-standard","has-post-thumbnail","hentry","category-educacion-y-cultura","category-politica","tag-bullrich","tag-firmar-compromiso-educativo","tag-grindetti","tag-provincia","tag-sileoni"],"_links":{"self":[{"href":"https:\/\/www.visionweb.com.ar\/index.php?rest_route=\/wp\/v2\/posts\/11288","targetHints":{"allow":["GET"]}}],"collection":[{"href":"https:\/\/www.visionweb.com.ar\/index.php?rest_route=\/wp\/v2\/posts"}],"about":[{"href":"https:\/\/www.visionweb.com.ar\/index.php?rest_route=\/wp\/v2\/types\/post"}],"author":[{"embeddable":true,"href":"https:\/\/www.visionweb.com.ar\/index.php?rest_route=\/wp\/v2\/users\/4"}],"replies":[{"embeddable":true,"href":"https:\/\/www.visionweb.com.ar\/index.php?rest_route=%2Fwp%2Fv2%2Fcomments&post=11288"}],"version-history":[{"count":1,"href":"https:\/\/www.visionweb.com.ar\/index.php?rest_route=\/wp\/v2\/posts\/11288\/revisions"}],"predecessor-version":[{"id":11291,"href":"https:\/\/www.visionweb.com.ar\/index.php?rest_route=\/wp\/v2\/posts\/11288\/revisions\/11291"}],"wp:featuredmedia":[{"embeddable":true,"href":"https:\/\/www.visionweb.com.ar\/index.php?rest_route=\/wp\/v2\/media\/11290"}],"wp:attachment":[{"href":"https:\/\/www.visionweb.com.ar\/index.php?rest_route=%2Fwp%2Fv2%2Fmedia&parent=11288"}],"wp:term":[{"taxonomy":"category","embeddable":true,"href":"https:\/\/www.visionweb.com.ar\/index.php?rest_route=%2Fwp%2Fv2%2Fcategories&post=11288"},{"taxonomy":"post_tag","embeddable":true,"href":"https:\/\/www.visionweb.com.ar\/index.php?rest_route=%2Fwp%2Fv2%2Ftags&post=11288"}],"curies":[{"name":"wp","href":"https:\/\/api.w.org\/{rel}","templated":true}]}}