{"id":11274,"date":"2023-07-26T10:51:03","date_gmt":"2023-07-26T13:51:03","guid":{"rendered":"https:\/\/www.visionweb.com.ar\/?p=11274"},"modified":"2023-07-26T10:51:03","modified_gmt":"2023-07-26T13:51:03","slug":"tolosa-paz-defendio-las-medidas-economicas-de-sergio-massa","status":"publish","type":"post","link":"https:\/\/www.visionweb.com.ar\/?p=11274","title":{"rendered":"Tolosa Paz defendi\u00f3 las medidas econ\u00f3micas de Sergio Massa"},"content":{"rendered":"<p><em><strong>La ministra de Desarrollo Social de la Naci\u00f3n, Victoria Tolosa Paz, se reuni\u00f3 con empresarios pymes en la sede de la Confederaci\u00f3n General Econ\u00f3mica (CGERA)<\/strong><\/em>.<!--more--><\/p>\n<p><strong><img loading=\"lazy\" decoding=\"async\" class=\"size-medium wp-image-11275 alignright\" src=\"https:\/\/www.visionweb.com.ar\/wp-content\/uploads\/2023\/07\/CGERA-TOLOSA-PAZ-300x200.png\" alt=\"\" width=\"300\" height=\"200\" srcset=\"https:\/\/www.visionweb.com.ar\/wp-content\/uploads\/2023\/07\/CGERA-TOLOSA-PAZ-300x200.png 300w, https:\/\/www.visionweb.com.ar\/wp-content\/uploads\/2023\/07\/CGERA-TOLOSA-PAZ.png 640w\" sizes=\"auto, (max-width: 300px) 100vw, 300px\" \/>L<\/strong>a ministra de Desarrollo Social de la Naci\u00f3n y precandidata a diputada nacional, Victoria Tolosa Paz, defendi\u00f3 las medidas anunciadas por el ministro de Econom\u00eda de la Naci\u00f3n, Sergio Massa, esta semana.<\/p>\n<p>Habl\u00f3 de previsibilidad y desarrollo productivo en el marco de las negociaciones con el Fondo Monetario Internacional (FMI).<\/p>\n<p>\u00abTodas las medidas que tom\u00f3 nuestro Gobierno fueron para cuidar el coraz\u00f3n productivo y para garantizar los d\u00f3lares que permitan ingresar insumos y continuar con las l\u00edneas de producci\u00f3n\u00bb, asegur\u00f3 tras un encuentro realizado con el Consejo Directivo de la Confederaci\u00f3n General Econ\u00f3mica (CGE), de la Confederaci\u00f3n Federal Pyme de la Rep\u00fablica Argentina y de la Confederaci\u00f3n General Empresaria de Argentina (CGERA).<\/p>\n<p>\u00abConf\u00edo plenamente en la enorme vocaci\u00f3n que est\u00e1 llevando adelante el ministro de Econom\u00eda, entendiendo la complejidad de medidas que hay que tomar para garantizar con las reservas la protecci\u00f3n del entramado pyme que viene teniendo capacidad instalada hacia arriba en los principales sectores\u00bb, agreg\u00f3 la ministra.<\/p>\n<p>Tolosa Paz remarc\u00f3 que lo trabajado y el acuerdo que ser\u00e1 anunciado esta semana por el board del FMI \u00abva a dar previsibilidad hacia adelante y es una certeza necesaria para empezar a bajar el \u00edndice de inflaci\u00f3n para seguir cuidando el bolsillo de los trabajadores\u00bb.<\/p>\n<p>Al ser consultada sobre la reforma laboral que expresan algunos candidatos de la oposici\u00f3n, Tolosa Paz remarc\u00f3 la importancia de la reuni\u00f3n mantenida hace unos d\u00edas por Sergio Massa con los representantes de la CGT donde coincidieron \u00aben la consolidaci\u00f3n de un modelo productivo con desarrollo\u00bb.<\/p>\n<p>\u00abLo que nos distingue a nosotros de la oposici\u00f3n pol\u00edtica es que nosotros pensamos una Argentina con desarrollo, producci\u00f3n y que a partir de ese desarrollo y esa producci\u00f3n, que no se tienen que detener, empieza a haber una inclusi\u00f3n laboral. Las recetas del ajuste han llevado al fracaso productivo de la Argentina y 23 mil pymes cerraron las puertas hace apenas tres a\u00f1os y medio\u00bb, enfatiz\u00f3<strong>(VW)<\/strong>.<\/p>\n","protected":false},"excerpt":{"rendered":"<p>La ministra de Desarrollo Social de la Naci\u00f3n, Victoria Tolosa Paz, se reuni\u00f3 con empresarios pymes en la sede de la Confederaci\u00f3n General Econ\u00f3mica (CGERA).<\/p>\n","protected":false},"author":3,"featured_media":11275,"comment_status":"closed","ping_status":"closed","sticky":false,"template":"","format":"standard","meta":{"_monsterinsights_skip_tracking":false,"_monsterinsights_sitenote_active":false,"_monsterinsights_sitenote_note":"","_monsterinsights_sitenote_category":0,"footnotes":""},"categories":[749],"tags":[563,869,523,3403],"class_list":["post-11274","post","type-post","status-publish","format-standard","has-post-thumbnail","hentry","category-pymes","tag-cgera","tag-massa","tag-medidas","tag-tolosa-paza"],"_links":{"self":[{"href":"https:\/\/www.visionweb.com.ar\/index.php?rest_route=\/wp\/v2\/posts\/11274","targetHints":{"allow":["GET"]}}],"collection":[{"href":"https:\/\/www.visionweb.com.ar\/index.php?rest_route=\/wp\/v2\/posts"}],"about":[{"href":"https:\/\/www.visionweb.com.ar\/index.php?rest_route=\/wp\/v2\/types\/post"}],"author":[{"embeddable":true,"href":"https:\/\/www.visionweb.com.ar\/index.php?rest_route=\/wp\/v2\/users\/3"}],"replies":[{"embeddable":true,"href":"https:\/\/www.visionweb.com.ar\/index.php?rest_route=%2Fwp%2Fv2%2Fcomments&post=11274"}],"version-history":[{"count":1,"href":"https:\/\/www.visionweb.com.ar\/index.php?rest_route=\/wp\/v2\/posts\/11274\/revisions"}],"predecessor-version":[{"id":11276,"href":"https:\/\/www.visionweb.com.ar\/index.php?rest_route=\/wp\/v2\/posts\/11274\/revisions\/11276"}],"wp:featuredmedia":[{"embeddable":true,"href":"https:\/\/www.visionweb.com.ar\/index.php?rest_route=\/wp\/v2\/media\/11275"}],"wp:attachment":[{"href":"https:\/\/www.visionweb.com.ar\/index.php?rest_route=%2Fwp%2Fv2%2Fmedia&parent=11274"}],"wp:term":[{"taxonomy":"category","embeddable":true,"href":"https:\/\/www.visionweb.com.ar\/index.php?rest_route=%2Fwp%2Fv2%2Fcategories&post=11274"},{"taxonomy":"post_tag","embeddable":true,"href":"https:\/\/www.visionweb.com.ar\/index.php?rest_route=%2Fwp%2Fv2%2Ftags&post=11274"}],"curies":[{"name":"wp","href":"https:\/\/api.w.org\/{rel}","templated":true}]}}