{"id":11261,"date":"2023-07-25T00:48:41","date_gmt":"2023-07-25T03:48:41","guid":{"rendered":"https:\/\/www.visionweb.com.ar\/?p=11261"},"modified":"2023-07-25T00:48:41","modified_gmt":"2023-07-25T03:48:41","slug":"paritarias-de-comercio-acuerdan-una-suba-trimestral-del-27","status":"publish","type":"post","link":"https:\/\/www.visionweb.com.ar\/?p=11261","title":{"rendered":"Paritarias de Comercio: Acuerdan una suba trimestral del 27%"},"content":{"rendered":"<p><strong><em>El aumento se dio en el marco de la renegociaci\u00f3n prevista en abril. Ser\u00e1n tres incrementos iguales de 7,5% a partir de julio.<\/em><\/strong><\/p>\n<p><!--more--><\/p>\n<p><strong><img loading=\"lazy\" decoding=\"async\" class=\"size-full wp-image-4406 alignleft\" src=\"https:\/\/www.visionweb.com.ar\/wp-content\/uploads\/2022\/02\/comercios.bmp\" alt=\"\" width=\"477\" height=\"337\" \/>E<\/strong>l sindicato de Comercio,\u00a0 acord\u00f3 este lunes una revisi\u00f3n de su paritaria con un incremento del 27% en tres tramos entre julio y septiembre, en medio de los \u00faltimos datos de la inflaci\u00f3n que siguen siendo altos.<\/p>\n<p>El gremio que comanda el hist\u00f3rico Armando Cavalieri con 1,2 millones de trabajadores y las tres c\u00e1maras empresarias de la actividad pautaron una mejora de 7,5% en julio, otro 7,5% en agosto y otro tanto en septiembre, a lo que se sumar\u00e1 4,5% en concepto de recupero del trimestre anterior, que se abonar\u00e1 con los ingresos de julio.<\/p>\n<p>Seg\u00fan inform\u00f3 el sindicato, el acuerdo contempla recomponer la base de c\u00e1lculo estableciendo para julio un aumento tomando los b\u00e1sicos de junio incrementados en un 4,5%. Y, sobre ese resultante se aplicar\u00e1 un 22,5% para el trimestre en tres partes iguales de 7,5%. Esas subas ser\u00e1n no remunerativas ni acumulativas y toman como base de c\u00e1lculo las nuevas remuneraciones b\u00e1sicas de julio de 2023.<\/p>\n<p><strong>Los montos no remunerativos se incorporar\u00e1n a las escalas de octubre de 2023, por su valor nominal.<\/strong><\/p>\n<p>Seg\u00fan Comercio, la mejora salarial permite alcanzar un piso para el haber b\u00e1sico de $ 286.000 incluyendo el presentismo.<\/p>\n<p>El acuerdo\u00a0 fue firmado entre el gremio nacional y la C\u00e1mara Argentina de Comercio (CAC), la Confederaci\u00f3n de la Mediana Empresa (CAME) y la Uni\u00f3n de Entidades Comerciales (Udeca).<\/p>\n<p>En principio, lo pactado tiene vigencia desde el 1\u00b0 de julio al 31 de marzo de 2024, aunque las partes convinieron un nuevo encuentro de revisi\u00f3n en septiembre para el periodo de octubre a diciembre.<\/p>\n<p>Cavalieri destac\u00f3 luego de la firma del nuevo acuerdo que el sindicato nacional contin\u00faa aplicando \u201cla din\u00e1mica de acordar aumentos de forma trimestral para tener un panorama m\u00e1s preciso sobre el avance de la evoluci\u00f3n de los precios a fin de defender de la mejor manera el poder adquisitivo de los trabajadores\u201d de la actividad<strong>(VW)<\/strong>.<\/p>\n<p>&nbsp;<\/p>\n","protected":false},"excerpt":{"rendered":"<p>El aumento se dio en el marco de la renegociaci\u00f3n prevista en abril. Ser\u00e1n tres incrementos iguales de 7,5% a partir de julio.<\/p>\n","protected":false},"author":3,"featured_media":4406,"comment_status":"closed","ping_status":"closed","sticky":false,"template":"","format":"standard","meta":{"_monsterinsights_skip_tracking":false,"_monsterinsights_sitenote_active":false,"_monsterinsights_sitenote_note":"","_monsterinsights_sitenote_category":0,"footnotes":""},"categories":[8],"tags":[4679,58,172,2183],"class_list":["post-11261","post","type-post","status-publish","format-standard","has-post-thumbnail","hentry","category-interes-general","tag-4679","tag-aumento","tag-comercio","tag-paritaria"],"_links":{"self":[{"href":"https:\/\/www.visionweb.com.ar\/index.php?rest_route=\/wp\/v2\/posts\/11261","targetHints":{"allow":["GET"]}}],"collection":[{"href":"https:\/\/www.visionweb.com.ar\/index.php?rest_route=\/wp\/v2\/posts"}],"about":[{"href":"https:\/\/www.visionweb.com.ar\/index.php?rest_route=\/wp\/v2\/types\/post"}],"author":[{"embeddable":true,"href":"https:\/\/www.visionweb.com.ar\/index.php?rest_route=\/wp\/v2\/users\/3"}],"replies":[{"embeddable":true,"href":"https:\/\/www.visionweb.com.ar\/index.php?rest_route=%2Fwp%2Fv2%2Fcomments&post=11261"}],"version-history":[{"count":1,"href":"https:\/\/www.visionweb.com.ar\/index.php?rest_route=\/wp\/v2\/posts\/11261\/revisions"}],"predecessor-version":[{"id":11262,"href":"https:\/\/www.visionweb.com.ar\/index.php?rest_route=\/wp\/v2\/posts\/11261\/revisions\/11262"}],"wp:featuredmedia":[{"embeddable":true,"href":"https:\/\/www.visionweb.com.ar\/index.php?rest_route=\/wp\/v2\/media\/4406"}],"wp:attachment":[{"href":"https:\/\/www.visionweb.com.ar\/index.php?rest_route=%2Fwp%2Fv2%2Fmedia&parent=11261"}],"wp:term":[{"taxonomy":"category","embeddable":true,"href":"https:\/\/www.visionweb.com.ar\/index.php?rest_route=%2Fwp%2Fv2%2Fcategories&post=11261"},{"taxonomy":"post_tag","embeddable":true,"href":"https:\/\/www.visionweb.com.ar\/index.php?rest_route=%2Fwp%2Fv2%2Ftags&post=11261"}],"curies":[{"name":"wp","href":"https:\/\/api.w.org\/{rel}","templated":true}]}}