{"id":11250,"date":"2023-07-21T12:51:20","date_gmt":"2023-07-21T15:51:20","guid":{"rendered":"https:\/\/www.visionweb.com.ar\/?p=11250"},"modified":"2023-07-21T12:51:20","modified_gmt":"2023-07-21T15:51:20","slug":"hoy-es-el-dia-mundial-del-perro","status":"publish","type":"post","link":"https:\/\/www.visionweb.com.ar\/?p=11250","title":{"rendered":"Hoy es el D\u00eda Mundial del Perro"},"content":{"rendered":"<p><em><strong>La celebraci\u00f3n tiene como finalidad generar\u00a0conciencia sobre la importancia de adoptar un perro.<\/strong><\/em><!--more--><\/p>\n<p><img loading=\"lazy\" decoding=\"async\" class=\"size-full wp-image-11251 alignright\" src=\"https:\/\/www.visionweb.com.ar\/wp-content\/uploads\/2023\/07\/adopcion.png\" alt=\"\" width=\"210\" height=\"249\" \/>\u00a0 \u00a0<strong>C<\/strong>ada 21 de julio se festeja el <strong>D\u00eda Mundial del Perro,\u00a0<\/strong> fecha que se fij\u00f3 en 2004 para homenajear a las mascotas, un d\u00eda despu\u00e9s del\u00a0<strong>D\u00eda del Amigo<\/strong>, con el objetivo de festejar el amor que reciben las personas de estos animales, considerados los mejores amigos del hombre.<\/p>\n<p>La celebraci\u00f3n tambi\u00e9n tiene como finalidad generar\u00a0<strong>conciencia sobre la gran cantidad de perros que son abandonados a su suerte o que est\u00e1n en adopci\u00f3n en alg\u00fan refugio.<\/strong><\/p>\n<p>Seg\u00fan la Organizaci\u00f3n Mundial de la Salud (OMS), en el planeta hay unos 300 millones de perros y el 70% de ellos no tiene hogar.<\/p>\n<div id=\"attachment_11252\" style=\"width: 307px\" class=\"wp-caption alignleft\"><img loading=\"lazy\" decoding=\"async\" aria-describedby=\"caption-attachment-11252\" class=\"wp-image-11252 size-full\" src=\"https:\/\/www.visionweb.com.ar\/wp-content\/uploads\/2023\/07\/adopc.png\" alt=\"\" width=\"297\" height=\"192\" \/><p id=\"caption-attachment-11252\" class=\"wp-caption-text\">Im\u00e1genes de internet<\/p><\/div>\n<p>Los perros, adem\u00e1s de ser una fiel compa\u00f1\u00eda, tambi\u00e9n cabe recordar los servicios que estos animales dom\u00e9sticos prestan en la sociedad, como los\u00a0perros <strong>polic\u00edas<\/strong>,\u00a0perros <strong>bomberos<\/strong>,\u00a0<strong>lazarillos<\/strong>, de <strong>rescate<\/strong>\u00a0y\u00a0de compa\u00f1\u00eda.<\/p>\n<p>A la vez, en Argentina el\u00a0<strong>D\u00eda Nacional del Perro<\/strong>\u00a0se celebra el<strong>\u00a02 de junio\u00a0<\/strong>en honor a\u00a0<strong>Chonino, <\/strong>un perro de la Polic\u00eda Federal<strong>\u00a0<\/strong>que se uni\u00f3 a la fuerza con dos a\u00f1os de edad, y muri\u00f3 en cumplimiento del deber el 2 de junio de 1983, cuando participaba de un patrullaje en Devoto y en medio de un tiroteo <strong>se abalanz\u00f3 sobre uno de los delincuentes al advertir que su compa\u00f1ero estaba en peligro y recibi\u00f3 un impacto de bala<\/strong>.<\/p>\n<p>Lo realmente asombroso es que\u00a0<strong>dentro de la boca de Chonino se hall\u00f3 un trozo del abrigo del delincuente<\/strong>, que conten\u00eda el DNI, por lo que la polic\u00eda pudo identificar a los dos delincuentes. En 1996 la escritora Cora Can\u00e9, propuso la creaci\u00f3n del D\u00eda Nacional del Perro.<\/p>\n<p>Los perros tambi\u00e9n tienen otras conmemoraciones a nivel internacional, como Estados Unidos y M\u00e9xico, que celebran el\u00a0<strong>D\u00eda del Perro<\/strong>\u00a0el 26 de agosto. Tambi\u00e9n existe el\u00a0<strong>Dia del Perro sin Raza<\/strong>\u00a0(28 de mayo), el\u00a0<strong>D\u00eda de llevar al Perro a la Oficina<\/strong>\u00a0(21 de junio), el\u00a0<strong>D\u00eda Internacional del Perro Callejero<\/strong>\u00a0(\u00faltimo domingo de julio), el\u00a0<strong>D\u00eda del Perro Adoptado<\/strong>\u00a0(23 de septiembre) y el\u00a0<strong>D\u00eda del Perro de Trabajo<\/strong>\u00a0(6 de diciembre). <strong>(VW)<\/strong><\/p>\n","protected":false},"excerpt":{"rendered":"<p>La celebraci\u00f3n tiene como finalidad generar\u00a0conciencia sobre la importancia de adoptar un perro.<\/p>\n","protected":false},"author":4,"featured_media":11252,"comment_status":"closed","ping_status":"closed","sticky":false,"template":"","format":"standard","meta":{"_monsterinsights_skip_tracking":false,"_monsterinsights_sitenote_active":false,"_monsterinsights_sitenote_note":"","_monsterinsights_sitenote_category":0,"footnotes":""},"categories":[8,5],"tags":[4672,4673,2661],"class_list":["post-11250","post","type-post","status-publish","format-standard","has-post-thumbnail","hentry","category-interes-general","category-sociedad","tag-21-de-julio","tag-adopcion","tag-dia-mundial-del-perro"],"_links":{"self":[{"href":"https:\/\/www.visionweb.com.ar\/index.php?rest_route=\/wp\/v2\/posts\/11250","targetHints":{"allow":["GET"]}}],"collection":[{"href":"https:\/\/www.visionweb.com.ar\/index.php?rest_route=\/wp\/v2\/posts"}],"about":[{"href":"https:\/\/www.visionweb.com.ar\/index.php?rest_route=\/wp\/v2\/types\/post"}],"author":[{"embeddable":true,"href":"https:\/\/www.visionweb.com.ar\/index.php?rest_route=\/wp\/v2\/users\/4"}],"replies":[{"embeddable":true,"href":"https:\/\/www.visionweb.com.ar\/index.php?rest_route=%2Fwp%2Fv2%2Fcomments&post=11250"}],"version-history":[{"count":1,"href":"https:\/\/www.visionweb.com.ar\/index.php?rest_route=\/wp\/v2\/posts\/11250\/revisions"}],"predecessor-version":[{"id":11253,"href":"https:\/\/www.visionweb.com.ar\/index.php?rest_route=\/wp\/v2\/posts\/11250\/revisions\/11253"}],"wp:featuredmedia":[{"embeddable":true,"href":"https:\/\/www.visionweb.com.ar\/index.php?rest_route=\/wp\/v2\/media\/11252"}],"wp:attachment":[{"href":"https:\/\/www.visionweb.com.ar\/index.php?rest_route=%2Fwp%2Fv2%2Fmedia&parent=11250"}],"wp:term":[{"taxonomy":"category","embeddable":true,"href":"https:\/\/www.visionweb.com.ar\/index.php?rest_route=%2Fwp%2Fv2%2Fcategories&post=11250"},{"taxonomy":"post_tag","embeddable":true,"href":"https:\/\/www.visionweb.com.ar\/index.php?rest_route=%2Fwp%2Fv2%2Ftags&post=11250"}],"curies":[{"name":"wp","href":"https:\/\/api.w.org\/{rel}","templated":true}]}}