{"id":11219,"date":"2023-07-19T08:41:30","date_gmt":"2023-07-19T11:41:30","guid":{"rendered":"https:\/\/www.visionweb.com.ar\/?p=11219"},"modified":"2023-07-18T18:51:09","modified_gmt":"2023-07-18T21:51:09","slug":"caminos-las-flores-el-pulmon-verde-que-salvaron-lo-vecinos","status":"publish","type":"post","link":"https:\/\/www.visionweb.com.ar\/?p=11219","title":{"rendered":"Caminos Las Flores: El pulm\u00f3n verde que impulsaron los vecinos"},"content":{"rendered":"<p><em><strong>Se trata de un \u00e1rea natural \u201coculta\u201d ubicada en la localidad de Longchamps que contiene una gran biodiversidad y gracias a la lucha de vecinos, vecinas y militantes medioambientales logr\u00f3 la preservaci\u00f3n.<\/strong><\/em><!--more--><\/p>\n<p><strong><img loading=\"lazy\" decoding=\"async\" class=\"size-medium wp-image-11220 alignright\" src=\"https:\/\/www.visionweb.com.ar\/wp-content\/uploads\/2023\/07\/CAMINO-LAS-FLORES-300x172.png\" alt=\"\" width=\"300\" height=\"172\" srcset=\"https:\/\/www.visionweb.com.ar\/wp-content\/uploads\/2023\/07\/CAMINO-LAS-FLORES-300x172.png 300w, https:\/\/www.visionweb.com.ar\/wp-content\/uploads\/2023\/07\/CAMINO-LAS-FLORES.png 640w\" sizes=\"auto, (max-width: 300px) 100vw, 300px\" \/>P<\/strong>asaron m\u00e1s de diez a\u00f1os desde el d\u00eda que un grupo de vecinos y ambientalistas de Campos Ramos, Longchamps, partido de Almirante Brown, decidieron arbitrar los medios para que un conservar un espacio verde sea designado \u00abReserva natural\u00bb.<\/p>\n<p>Hasta que recientemente, la legislatura bonaerense le dio fuerza de ley\u00a0 a una iniciativa presentada, en 2021 por la diputada provincial Cristinas Vilotta <a href=\"https:\/\/intranet.hcdiputados-ba.gov.ar\/proyectos\/21-22D3483012021-07-2615-00-38.pdf\" target=\"_blank\" rel=\"noreferrer noopener\" data-type=\"URL\" data-id=\"https:\/\/intranet.hcdiputados-ba.gov.ar\/proyectos\/21-22D3483012021-07-2615-00-38.pdf\">proyecto que declara <strong>\u00a0paisaje protegido<\/strong><\/a>\u00a0 para sentar las bases del espacio protegido \u00abCamino de Las Flores\u00bb,que permitiera reducir el impacto negativo en el agua, la tierra y el aire provocado por la emisi\u00f3n de residuos y sustancias t\u00f3xicas del\u00a0<strong>Parque Industrial de Burzaco.<\/strong>.<\/p>\n<p>El predio se encuentra limitado por la Ruta 16; calles J. Ingenieros; Mercedes y Avenida Argentina, de la ciudad de Longchamps\u00a0 en el sur del gran Buenos Aires.<\/p>\n<p>En ese sentido, se comenzaron a generar\u00a0<strong>debates y propuestas para la protecci\u00f3n de la comunidad y la preservaci\u00f3n medioambiental<\/strong>.<\/p>\n<p>El accionar vecinal gan\u00f3 impulso en 2017 con la fundaci\u00f3n del\u00a0<strong>\u201cRefugio de la Esperanza\u201d<\/strong>, un centro comunitario que fortaleci\u00f3 la lucha a trav\u00e9s de la educaci\u00f3n ambiental y la realizaci\u00f3n de\u00a0<strong>actividades para conciencia ecol\u00f3gica<\/strong>. Desde all\u00ed se impulsaron las propuestas que desembocaron en la normativa aprobada este a\u00f1o.<\/p>\n<p>\u201cEste proyecto busca la\u00a0<strong>conservaci\u00f3n<\/strong>, contar la riqueza de la\u00a0<strong>biodiversidad<\/strong>\u00a0que contempla que el ambiente somos todos: la naturaleza y tambi\u00e9n la comunidad\u201d, explic\u00f3 a\u00a0<strong>AUNO Francisco da Costa<\/strong>, miembro del refugio y uno de los integrantes del grupo promotor.<\/p>\n<p>Gracias a la fuerza popular, en 2019 fue declarada como de<strong>\u00a0Inter\u00e9s Municipal\u00a0<\/strong>por el municipio de<strong>\u00a0Almirante Brown<\/strong>, y luego por\u00a0<strong>el Congreso Nacional<\/strong>, precedentes importantes para su tratamiento en la legislatura provincial.<\/p>\n<p>\u201cNosotros ten\u00edamos la idea de que sea una reserva, pero no ten\u00edamos antecedentes que hayan prosperado. Sabemos que Lomas tiene a\u00a0<strong><a href=\"https:\/\/auno.org.ar\/?s=santa+catalina\" target=\"_blank\" rel=\"noreferrer noopener\" data-type=\"URL\" data-id=\"https:\/\/auno.org.ar\/?s=santa+catalina\">Santa Catalina<\/a><\/strong>, que Esteban Echeverr\u00eda tiene tiene la\u00a0<strong><a href=\"https:\/\/auno.org.ar\/?s=laguna+de+rocha\" target=\"_blank\" rel=\"noreferrer noopener\" data-type=\"URL\" data-id=\"https:\/\/auno.org.ar\/?s=laguna+de+rocha\">Laguna de Rocha<\/a><\/strong>\u00a0y nosotros no ten\u00edamos una reserva natural\u201d, y soslay\u00f3:\u00a0<strong>\u201cEra justo que tengamos un espacio protegido\u201d.<\/strong><\/p>\n<p>\u201c<strong>El siguiente paso va a ser conformar el comit\u00e9 de gesti\u00f3n del \u00e1rea<\/strong>. Tenemos el compromiso de participar todas las organizaciones, porque a la par se fueron sumando varias organizaciones ambientalistas, como la\u00a0<strong><a href=\"https:\/\/www.instagram.com\/jardines_silvestres_brown\/\" target=\"_blank\" rel=\"noreferrer noopener\">red de Jard\u00ednes Silvestres<\/a><\/strong>, el\u00a0<strong><a href=\"https:\/\/www.instagram.com\/coabrown\/\" target=\"_blank\" rel=\"noreferrer noopener\">Club de Observadores de Aves<\/a><\/strong> y dos institutos de formaci\u00f3n docente\u201d, se\u00f1al\u00f3.<\/p>\n<p>Parafraseando al pensador pedag\u00f3gico Sa\u00fal Taborda, Da Costa coment\u00f3 que<strong>\u00a0\u201cno hay revoluci\u00f3n sin tradici\u00f3n\u201d<\/strong>, y explic\u00f3: \u201c<strong>Ten\u00edamos que hundir las ra\u00edces de la propuesta en aspectos que ya estaban en lo profundo de nuestra tradici\u00f3n<\/strong>, mostrando que era un camino rural muy antiguo\u201d.<\/p>\n<p>De all\u00ed que el nombre escogido para la reserva refiera a la antigua denominaci\u00f3n que ten\u00eda la<strong>\u00a0Ruta 16<\/strong>, cuando era de tierra. Popularmente, tambi\u00e9n se la conoc\u00eda como \u201cCamino de las latas\u201d o \u201ccalle Ancha\u201d.<\/p>\n<p>Para acercar esta historia a los vecinos, desde el refugio organizan\u00a0<strong>caminatas informativas<\/strong> con establecimientos educativos del municipio. En este recorrido, los y las visitantes exploraron las aproximadamente\u00a0<strong>200 hect\u00e1reas<\/strong>\u00a0de la reserva, mientras apreciaron su flora y fauna diversa. La tierra forma parte de la\u00a0<strong>llanura pampeana\u00a0<\/strong>y tiene un clima templado, donde predominan pastizales y \u00e1rboles como el Tala y el Espinillo.<\/p>\n<p><strong>En la Reserva natural, se identificaron alrededor de 130 aves silvestres<\/strong>, una de las que se logr\u00f3 avistar fue el\u00a0<strong>Batit\u00fa\u00a0<\/strong><em>(Bartramia longicauda)<\/em>, un p\u00e1jaro \u00fanico en su g\u00e9nero que\u00a0<strong>migr\u00f3 desde Alaska<\/strong>, Estados Unidos, y que eligi\u00f3 la reserva uno de los lugares para pasar los meses m\u00e1s c\u00e1lidos.<\/p>\n<p>El profesor y pintor\u00a0<strong><a href=\"https:\/\/instagram.com\/mgrassodibujosypinturas?igshid=MzRlODBiNWFlZA==\" target=\"_blank\" rel=\"noreferrer noopener\" data-type=\"URL\" data-id=\"https:\/\/instagram.com\/mgrassodibujosypinturas?igshid=MzRlODBiNWFlZA==\">Mario Grasso<\/a><\/strong>\u00a0retrat\u00f3 a esta curiosa especie en su obra\u00a0<strong>\u201cEl vuelo del Batit\u00fa\u201d<\/strong>, parte del proyecto pict\u00f3rico \u201cSuturar la tierra\u201d, donde, a partir de la experimentaci\u00f3n de la vida silvestre, apunta a \u201cvisibilizar el contacto con la tierra\u201d desde la educaci\u00f3n.<\/p>\n<p>Otro animal que logr\u00f3 ser descubierto en la reserva fue el\u00a0<strong>\u201cKilli\u201d<\/strong>, un pez poco com\u00fan en su especie que tiene la llamativa caracter\u00edstica de poner huevos que resisten a la sequ\u00eda: cuando el agua del humedal desaparece, los huevos quedan en \u201cestado de latencia\u201d y cuando vuelve a llover eclosionan, d\u00e1ndole nacimiento a los peces<strong>(VW\/AUNO)<\/strong><\/p>\n<p>&nbsp;<\/p>\n<p>&nbsp;<\/p>\n<p>&nbsp;<\/p>\n","protected":false},"excerpt":{"rendered":"<p>Se trata de un \u00e1rea natural \u201coculta\u201d ubicada en la localidad de Longchamps que contiene una gran biodiversidad y gracias a la lucha de vecinos, vecinas y militantes medioambientales logr\u00f3 la preservaci\u00f3n.<\/p>\n","protected":false},"author":3,"featured_media":11220,"comment_status":"closed","ping_status":"closed","sticky":false,"template":"","format":"standard","meta":{"_monsterinsights_skip_tracking":false,"_monsterinsights_sitenote_active":false,"_monsterinsights_sitenote_note":"","_monsterinsights_sitenote_category":0,"footnotes":""},"categories":[5],"tags":[1962,4655,3778,446],"class_list":["post-11219","post","type-post","status-publish","format-standard","has-post-thumbnail","hentry","category-sociedad","tag-biodiversidad","tag-longchamps","tag-reserva","tag-vecinos"],"_links":{"self":[{"href":"https:\/\/www.visionweb.com.ar\/index.php?rest_route=\/wp\/v2\/posts\/11219","targetHints":{"allow":["GET"]}}],"collection":[{"href":"https:\/\/www.visionweb.com.ar\/index.php?rest_route=\/wp\/v2\/posts"}],"about":[{"href":"https:\/\/www.visionweb.com.ar\/index.php?rest_route=\/wp\/v2\/types\/post"}],"author":[{"embeddable":true,"href":"https:\/\/www.visionweb.com.ar\/index.php?rest_route=\/wp\/v2\/users\/3"}],"replies":[{"embeddable":true,"href":"https:\/\/www.visionweb.com.ar\/index.php?rest_route=%2Fwp%2Fv2%2Fcomments&post=11219"}],"version-history":[{"count":3,"href":"https:\/\/www.visionweb.com.ar\/index.php?rest_route=\/wp\/v2\/posts\/11219\/revisions"}],"predecessor-version":[{"id":11223,"href":"https:\/\/www.visionweb.com.ar\/index.php?rest_route=\/wp\/v2\/posts\/11219\/revisions\/11223"}],"wp:featuredmedia":[{"embeddable":true,"href":"https:\/\/www.visionweb.com.ar\/index.php?rest_route=\/wp\/v2\/media\/11220"}],"wp:attachment":[{"href":"https:\/\/www.visionweb.com.ar\/index.php?rest_route=%2Fwp%2Fv2%2Fmedia&parent=11219"}],"wp:term":[{"taxonomy":"category","embeddable":true,"href":"https:\/\/www.visionweb.com.ar\/index.php?rest_route=%2Fwp%2Fv2%2Fcategories&post=11219"},{"taxonomy":"post_tag","embeddable":true,"href":"https:\/\/www.visionweb.com.ar\/index.php?rest_route=%2Fwp%2Fv2%2Ftags&post=11219"}],"curies":[{"name":"wp","href":"https:\/\/api.w.org\/{rel}","templated":true}]}}