{"id":11209,"date":"2023-07-18T08:23:10","date_gmt":"2023-07-18T11:23:10","guid":{"rendered":"https:\/\/www.visionweb.com.ar\/?p=11209"},"modified":"2023-07-18T08:23:10","modified_gmt":"2023-07-18T11:23:10","slug":"lanus-vuelve-el-punto-verde","status":"publish","type":"post","link":"https:\/\/www.visionweb.com.ar\/?p=11209","title":{"rendered":"Lan\u00fas: Vuelve el \u00abPunto verde\u00bb"},"content":{"rendered":"<p><strong><em>La iniciativa\u00a0 se llevar\u00e1 adelante desde el mi\u00e9rcoles al domingo.<\/em><\/strong><!--more--><\/p>\n<p><strong><img loading=\"lazy\" decoding=\"async\" class=\"size-medium wp-image-11210 alignright\" src=\"https:\/\/www.visionweb.com.ar\/wp-content\/uploads\/2023\/07\/PUNTO-VERDE-300x167.png\" alt=\"\" width=\"300\" height=\"167\" srcset=\"https:\/\/www.visionweb.com.ar\/wp-content\/uploads\/2023\/07\/PUNTO-VERDE-300x167.png 300w, https:\/\/www.visionweb.com.ar\/wp-content\/uploads\/2023\/07\/PUNTO-VERDE.png 640w\" sizes=\"auto, (max-width: 300px) 100vw, 300px\" \/>E<\/strong>sta semana <strong>vuelve el Punto Verde M\u00f3vil a las calles de Lan\u00fas, donde los vecinos podr\u00e1n acercarse a dejar sus residuos limpios y secos<\/strong>. \u00bfD\u00f3nde estar\u00e1n?<\/p>\n<p>Organizadas por la Direcci\u00f3n de Ambiente Sustentable de la comuna, estas jornadas se realizar\u00e1n de<strong>l mi\u00e9rcoles 19 al domingo 23 de julio, de 11 a 16<\/strong>, en la\u00a0<strong>Plaza Jos\u00e9 Hern\u00e1ndez<\/strong>, ubicada en Cnel. Lugones, y del Valle Iberlucea, Remedios de Escalada.<\/p>\n<p>El objetivo de la iniciativa es buscar que los vecinos cuenten con lugares apropiados para residuos tales como, cartones, vidrios (no deben estar rotos), pl\u00e1sticos, metales y papeles secos que deben presentarse limpios y previamente clasificados.<\/p>\n<p>Desde el Municipio de Lan\u00fas informaron que la iniciativa\u00a0<strong>se suspende por lluvia<\/strong>(VW)<\/p>\n","protected":false},"excerpt":{"rendered":"<p>La iniciativa\u00a0 se llevar\u00e1 adelante desde el mi\u00e9rcoles al domingo.<\/p>\n","protected":false},"author":3,"featured_media":11210,"comment_status":"closed","ping_status":"closed","sticky":false,"template":"","format":"standard","meta":{"_monsterinsights_skip_tracking":false,"_monsterinsights_sitenote_active":false,"_monsterinsights_sitenote_note":"","_monsterinsights_sitenote_category":0,"footnotes":""},"categories":[5],"tags":[3197,864,377,4653],"class_list":["post-11209","post","type-post","status-publish","format-standard","has-post-thumbnail","hentry","category-sociedad","tag-plaza","tag-remedios-de-escalada","tag-residuos","tag-secos"],"_links":{"self":[{"href":"https:\/\/www.visionweb.com.ar\/index.php?rest_route=\/wp\/v2\/posts\/11209","targetHints":{"allow":["GET"]}}],"collection":[{"href":"https:\/\/www.visionweb.com.ar\/index.php?rest_route=\/wp\/v2\/posts"}],"about":[{"href":"https:\/\/www.visionweb.com.ar\/index.php?rest_route=\/wp\/v2\/types\/post"}],"author":[{"embeddable":true,"href":"https:\/\/www.visionweb.com.ar\/index.php?rest_route=\/wp\/v2\/users\/3"}],"replies":[{"embeddable":true,"href":"https:\/\/www.visionweb.com.ar\/index.php?rest_route=%2Fwp%2Fv2%2Fcomments&post=11209"}],"version-history":[{"count":1,"href":"https:\/\/www.visionweb.com.ar\/index.php?rest_route=\/wp\/v2\/posts\/11209\/revisions"}],"predecessor-version":[{"id":11211,"href":"https:\/\/www.visionweb.com.ar\/index.php?rest_route=\/wp\/v2\/posts\/11209\/revisions\/11211"}],"wp:featuredmedia":[{"embeddable":true,"href":"https:\/\/www.visionweb.com.ar\/index.php?rest_route=\/wp\/v2\/media\/11210"}],"wp:attachment":[{"href":"https:\/\/www.visionweb.com.ar\/index.php?rest_route=%2Fwp%2Fv2%2Fmedia&parent=11209"}],"wp:term":[{"taxonomy":"category","embeddable":true,"href":"https:\/\/www.visionweb.com.ar\/index.php?rest_route=%2Fwp%2Fv2%2Fcategories&post=11209"},{"taxonomy":"post_tag","embeddable":true,"href":"https:\/\/www.visionweb.com.ar\/index.php?rest_route=%2Fwp%2Fv2%2Ftags&post=11209"}],"curies":[{"name":"wp","href":"https:\/\/api.w.org\/{rel}","templated":true}]}}