{"id":11203,"date":"2023-07-17T11:47:53","date_gmt":"2023-07-17T14:47:53","guid":{"rendered":"https:\/\/www.visionweb.com.ar\/?p=11203"},"modified":"2023-07-17T11:47:53","modified_gmt":"2023-07-17T14:47:53","slug":"procrear-ii-manana-abre-la-inscripcion-para-creditos-de-viviendas","status":"publish","type":"post","link":"https:\/\/www.visionweb.com.ar\/?p=11203","title":{"rendered":"Procrear II: Ma\u00f1ana abre la inscripci\u00f3n para cr\u00e9ditos de viviendas"},"content":{"rendered":"<p><em><strong>Procrear II abrir\u00e1 la inscripci\u00f3n el martes 18 para sorteo de cr\u00e9ditos hipotecarios para la compra de viviendas, con<\/strong> <strong>un plazo m\u00e1ximo de hasta 30 a\u00f1os. Los predios est\u00e1n ubicados en varias provincias del pa\u00eds.<\/strong><\/em><!--more--><\/p>\n<div id=\"attachment_11204\" style=\"width: 269px\" class=\"wp-caption alignright\"><img loading=\"lazy\" decoding=\"async\" aria-describedby=\"caption-attachment-11204\" class=\"wp-image-11204 size-full\" src=\"https:\/\/www.visionweb.com.ar\/wp-content\/uploads\/2023\/07\/a-procrear.png\" alt=\"\" width=\"259\" height=\"169\" \/><p id=\"caption-attachment-11204\" class=\"wp-caption-text\">Imagen: argentina.gob.ar<\/p><\/div>\n<p><strong>\u00a0\u00a0\u00a0 E<\/strong>l<strong>\u00a0<\/strong>Ministerio de Desarrollo Territorial y H\u00e1bitat\u00a0inform\u00f3 que\u00a0<strong>el martes 18 de julio desde las 15hs, comienza una nueva inscripci\u00f3n para la l\u00ednea Desarrollos Urban\u00edsticos<\/strong> <strong>Procrear II, <\/strong>programa que ofrece un total de 2.000\u00a0viviendas ubicadas en 16 provincias.<\/p>\n<p>La cartera que conduce\u00a0Santiago Maggiotti\u00a0indic\u00f3 que<strong>\u00a0<\/strong>son 12 nuevos lotes que se suman a los 34 que se encuentran habitados.<\/p>\n<p>El objetivo de esta l\u00ednea es brindar acceso a cr\u00e9dito hipotecario para la compra de viviendas nuevas en uno de los Desarrollos Urban\u00edsticos, distribuidos en todo el pa\u00eds, con monto en pesos y un plazo m\u00e1ximo de hasta 30 a\u00f1os.<\/p>\n<p>Los requisitos para acceder a la casa propia:<\/p>\n<ul>\n<li>Tener entre 18 y 64 a\u00f1os.<\/li>\n<li>Ser argentinos\/as o extranjeros\/as con residencia permanente en el pa\u00eds.<\/li>\n<li>No haber resultado beneficiado\/a con planes de vivienda en los \u00faltimos diez (10) a\u00f1os.<\/li>\n<li>Tener domicilio en alguna de las zonas habilitadas por c\u00f3digo postal para acceder al Desarrollo Urban\u00edstico.<\/li>\n<li>No contar con antecedentes financieros desfavorables en los \u00faltimos 9 meses.<\/li>\n<\/ul>\n<p><strong>Las localidades donde se encuentran ubicados los lotes:<\/strong><\/p>\n<ul>\n<li>Buenos Aires &#8211; Mercedes<\/li>\n<li>Buenos Aires &#8211; Monte Hermoso<\/li>\n<li>Buenos Aires &#8211; Baradero<\/li>\n<li>Buenos Aires &#8211; El Palomar<\/li>\n<li>Buenos Aires &#8211; Jun\u00edn<\/li>\n<li>Buenos Aires &#8211; San Mart\u00edn II<\/li>\n<li>Buenos Aires &#8211; Bol\u00edvar<\/li>\n<li>Buenos Aires-Ciudad Evita<\/li>\n<li>Buenos Aires -Merlo<\/li>\n<li>Buenos Aires &#8211; San Nicol\u00e1s<\/li>\n<li>Buenos Aires &#8211; Bah\u00eda Blanca<\/li>\n<li>Buenos Aires &#8211; Carmen de Patagones<\/li>\n<li>Buenos Aires &#8211; Ituzaing\u00f3<\/li>\n<li>Buenos Aires &#8211; Lincoln<\/li>\n<li>Buenos Aires &#8211; Mor\u00f3n<\/li>\n<li>Buenos Aires &#8211; San Antonio de Areco<\/li>\n<li>Buenos Aires &#8211; San Mart\u00edn<\/li>\n<li>CABA &#8211; Estaci\u00f3n Buenos Aires<\/li>\n<li>CABA &#8211; Estaci\u00f3n S\u00e1enz<\/li>\n<li>Chaco &#8211; Roque S\u00e1enz Pe\u00f1a<\/li>\n<li>Chubut &#8211; Trelew<\/li>\n<li>C\u00f3rdoba &#8211; Pascanas II<\/li>\n<li>C\u00f3rdoba Monte Ma\u00edz<\/li>\n<li>C\u00f3rdoba &#8211; Viamonte II<\/li>\n<li>C\u00f3rdoba &#8211; Cavanagh<\/li>\n<li>C\u00f3rdoba &#8211; Barrio Liceo<\/li>\n<li>C\u00f3rdoba &#8211; San Francisco<\/li>\n<li>Entre R\u00edos &#8211; Paran\u00e1<\/li>\n<li>Jujuy &#8211; San Salvador de Jujuy<\/li>\n<li>Mendoza &#8211; Malarg\u00fce<\/li>\n<li>Mendoza &#8211; Mendoza Capital<\/li>\n<li>Mendoza &#8211; Maip\u00fa<\/li>\n<li>Mendoza &#8211; San Rafael<\/li>\n<li>Misiones &#8211; Posadas<\/li>\n<li>Santa Cruz &#8211; R\u00edo Gallegos<\/li>\n<li>Santa Fe &#8211; Estaci\u00f3n Cambios\/ Parque Federal<\/li>\n<li>Santa Fe &#8211; Sunchales<\/li>\n<li>Santa Fe &#8211; General Lagos<\/li>\n<li>Santiago del Estero &#8211; La Banda<\/li>\n<li>Salta &#8211; Huaico<\/li>\n<li>Santiago del Estero &#8211; Santiago del Estero<\/li>\n<li>San Juan &#8211; La Ramada<\/li>\n<li>Santa Fe &#8211; Las Parejas<\/li>\n<li>Santa Cruz &#8211; R\u00edo Gallegos II<\/li>\n<li>Tierra del Fuego &#8211; R\u00edo Grande<\/li>\n<\/ul>\n<p><strong>Para inscribirse los interesados deber\u00e1n<\/strong>\u00a0completar\u00a0el correspondiente formulario en la p\u00e1gina web del Ministerio. <strong>(VW)<\/strong><\/p>\n","protected":false},"excerpt":{"rendered":"<p>Procrear II abrir\u00e1 la inscripci\u00f3n el martes 18 para sorteo de cr\u00e9ditos hipotecarios para la compra de viviendas, con un plazo m\u00e1ximo de hasta 30 a\u00f1os. Los predios est\u00e1n ubicados en varias provincias del&#46;&#46;&#46;<\/p>\n","protected":false},"author":4,"featured_media":11204,"comment_status":"closed","ping_status":"closed","sticky":false,"template":"","format":"standard","meta":{"_monsterinsights_skip_tracking":false,"_monsterinsights_sitenote_active":false,"_monsterinsights_sitenote_note":"","_monsterinsights_sitenote_category":0,"footnotes":""},"categories":[4,5],"tags":[4651,1022,2297],"class_list":["post-11203","post","type-post","status-publish","format-standard","has-post-thumbnail","hentry","category-politica","category-sociedad","tag-creditos-hipotecarios","tag-inscripciones","tag-procrear-ii"],"_links":{"self":[{"href":"https:\/\/www.visionweb.com.ar\/index.php?rest_route=\/wp\/v2\/posts\/11203","targetHints":{"allow":["GET"]}}],"collection":[{"href":"https:\/\/www.visionweb.com.ar\/index.php?rest_route=\/wp\/v2\/posts"}],"about":[{"href":"https:\/\/www.visionweb.com.ar\/index.php?rest_route=\/wp\/v2\/types\/post"}],"author":[{"embeddable":true,"href":"https:\/\/www.visionweb.com.ar\/index.php?rest_route=\/wp\/v2\/users\/4"}],"replies":[{"embeddable":true,"href":"https:\/\/www.visionweb.com.ar\/index.php?rest_route=%2Fwp%2Fv2%2Fcomments&post=11203"}],"version-history":[{"count":1,"href":"https:\/\/www.visionweb.com.ar\/index.php?rest_route=\/wp\/v2\/posts\/11203\/revisions"}],"predecessor-version":[{"id":11205,"href":"https:\/\/www.visionweb.com.ar\/index.php?rest_route=\/wp\/v2\/posts\/11203\/revisions\/11205"}],"wp:featuredmedia":[{"embeddable":true,"href":"https:\/\/www.visionweb.com.ar\/index.php?rest_route=\/wp\/v2\/media\/11204"}],"wp:attachment":[{"href":"https:\/\/www.visionweb.com.ar\/index.php?rest_route=%2Fwp%2Fv2%2Fmedia&parent=11203"}],"wp:term":[{"taxonomy":"category","embeddable":true,"href":"https:\/\/www.visionweb.com.ar\/index.php?rest_route=%2Fwp%2Fv2%2Fcategories&post=11203"},{"taxonomy":"post_tag","embeddable":true,"href":"https:\/\/www.visionweb.com.ar\/index.php?rest_route=%2Fwp%2Fv2%2Ftags&post=11203"}],"curies":[{"name":"wp","href":"https:\/\/api.w.org\/{rel}","templated":true}]}}