{"id":11192,"date":"2023-07-14T13:50:49","date_gmt":"2023-07-14T16:50:49","guid":{"rendered":"https:\/\/www.visionweb.com.ar\/?p=11192"},"modified":"2023-07-14T13:50:49","modified_gmt":"2023-07-14T16:50:49","slug":"elecciones-2023-ya-esta-disponible-el-padron-electoral-definitivo","status":"publish","type":"post","link":"https:\/\/www.visionweb.com.ar\/?p=11192","title":{"rendered":"Elecciones 2023: Ya est\u00e1 disponible el padr\u00f3n electoral definitivo"},"content":{"rendered":"<p><strong><em>Hay que ingresar al sitio web oficial e ingresar los datos.<\/em><\/strong><!--more--><\/p>\n<p><strong><img loading=\"lazy\" decoding=\"async\" class=\"size-medium wp-image-11058 alignright\" src=\"https:\/\/www.visionweb.com.ar\/wp-content\/uploads\/2023\/06\/CAMARA-NACIONAL-ELECTORAL-300x200.png\" alt=\"\" width=\"300\" height=\"200\" srcset=\"https:\/\/www.visionweb.com.ar\/wp-content\/uploads\/2023\/06\/CAMARA-NACIONAL-ELECTORAL-300x200.png 300w, https:\/\/www.visionweb.com.ar\/wp-content\/uploads\/2023\/06\/CAMARA-NACIONAL-ELECTORAL.png 640w\" sizes=\"auto, (max-width: 300px) 100vw, 300px\" \/>\u00a0 E<\/strong>l padr\u00f3n definitivo ya se encuentra disponible<strong>\u00a0<\/strong>para consultar de manera online los datos del lugar de votaci\u00f3n con vistas al pr\u00f3ximo proceso electoral, que tiene como primera instancia las primarias abiertas, simult\u00e1neas y obligatorias (PASO), que ser\u00e1n el domingo 13 de agosto.<\/p>\n<p>\u201cLa ciudadan\u00eda en condiciones de votar puede consultar los datos de lugar y mesa de votaci\u00f3n previstos para las PASO del 13 de agosto de este a\u00f1o\u201d, afirm\u00f3 la C\u00e1mara Nacional Electoral en un comunicado.<\/p>\n<p><strong>Para hacerlo, hay que ingresar al sitio\u00a0<a href=\"https:\/\/www.padron.gob.ar\/\">https:\/\/www.padron.gob.ar\/<\/a>\u00a0y all\u00ed ingresar el n\u00famero de Documento Nacional de Identidad, distrito, g\u00e9nero y un c\u00f3digo verificador que indica la propia web.<\/strong><\/p>\n<p>Tras esos pasos, se pueden consultar los datos de lugar y mesa de votaci\u00f3n previstos para las primarias del domingo 13 de agosto. <strong>(VW)<\/strong><\/p>\n","protected":false},"excerpt":{"rendered":"<p>Hay que ingresar al sitio web oficial e ingresar los datos.<\/p>\n","protected":false},"author":4,"featured_media":11058,"comment_status":"closed","ping_status":"closed","sticky":false,"template":"","format":"standard","meta":{"_monsterinsights_skip_tracking":false,"_monsterinsights_sitenote_active":false,"_monsterinsights_sitenote_note":"","_monsterinsights_sitenote_category":0,"footnotes":""},"categories":[8,5],"tags":[1904,4646],"class_list":["post-11192","post","type-post","status-publish","format-standard","has-post-thumbnail","hentry","category-interes-general","category-sociedad","tag-elecciones-2023","tag-padron-electoral-definitivo"],"_links":{"self":[{"href":"https:\/\/www.visionweb.com.ar\/index.php?rest_route=\/wp\/v2\/posts\/11192","targetHints":{"allow":["GET"]}}],"collection":[{"href":"https:\/\/www.visionweb.com.ar\/index.php?rest_route=\/wp\/v2\/posts"}],"about":[{"href":"https:\/\/www.visionweb.com.ar\/index.php?rest_route=\/wp\/v2\/types\/post"}],"author":[{"embeddable":true,"href":"https:\/\/www.visionweb.com.ar\/index.php?rest_route=\/wp\/v2\/users\/4"}],"replies":[{"embeddable":true,"href":"https:\/\/www.visionweb.com.ar\/index.php?rest_route=%2Fwp%2Fv2%2Fcomments&post=11192"}],"version-history":[{"count":1,"href":"https:\/\/www.visionweb.com.ar\/index.php?rest_route=\/wp\/v2\/posts\/11192\/revisions"}],"predecessor-version":[{"id":11193,"href":"https:\/\/www.visionweb.com.ar\/index.php?rest_route=\/wp\/v2\/posts\/11192\/revisions\/11193"}],"wp:featuredmedia":[{"embeddable":true,"href":"https:\/\/www.visionweb.com.ar\/index.php?rest_route=\/wp\/v2\/media\/11058"}],"wp:attachment":[{"href":"https:\/\/www.visionweb.com.ar\/index.php?rest_route=%2Fwp%2Fv2%2Fmedia&parent=11192"}],"wp:term":[{"taxonomy":"category","embeddable":true,"href":"https:\/\/www.visionweb.com.ar\/index.php?rest_route=%2Fwp%2Fv2%2Fcategories&post=11192"},{"taxonomy":"post_tag","embeddable":true,"href":"https:\/\/www.visionweb.com.ar\/index.php?rest_route=%2Fwp%2Fv2%2Ftags&post=11192"}],"curies":[{"name":"wp","href":"https:\/\/api.w.org\/{rel}","templated":true}]}}