{"id":11188,"date":"2023-07-14T10:08:10","date_gmt":"2023-07-14T13:08:10","guid":{"rendered":"https:\/\/www.visionweb.com.ar\/?p=11188"},"modified":"2023-07-14T14:41:21","modified_gmt":"2023-07-14T17:41:21","slug":"aprobaron-en-comision-proyecto-para-incorporar-trabajos-comunitarios-a-las-penas-del-codigo-de-faltas","status":"publish","type":"post","link":"https:\/\/www.visionweb.com.ar\/?p=11188","title":{"rendered":"Aprobaron en comisi\u00f3n proyecto para incorporar trabajos comunitarios a las penas del C\u00f3digo de faltas"},"content":{"rendered":"<p><em><strong>Fue en la reuni\u00f3n de Asuntos Municipales en la que adem\u00e1s avanz\u00f3 una iniciativa para incorporar la licencia por parentalidad a concejales bonaerenses.<\/strong><\/em><!--more--><\/p>\n<p><strong><img loading=\"lazy\" decoding=\"async\" class=\"size-medium wp-image-11189 alignleft\" src=\"https:\/\/www.visionweb.com.ar\/wp-content\/uploads\/2023\/07\/COMISION-300x200.png\" alt=\"\" width=\"300\" height=\"200\" srcset=\"https:\/\/www.visionweb.com.ar\/wp-content\/uploads\/2023\/07\/COMISION-300x200.png 300w, https:\/\/www.visionweb.com.ar\/wp-content\/uploads\/2023\/07\/COMISION.png 640w\" sizes=\"auto, (max-width: 300px) 100vw, 300px\" \/>L<\/strong>a Comisi\u00f3n de Asuntos municipales presidida por el diputado Mariano Cascallares, aprob\u00f3 la propuesta de la senadora Mar\u00eda Lorena Petrovich, con el fin de modificar e incorporar art\u00edculos a la ley 8751\/77, del C\u00f3digo de Faltas Municipales de la provincia de Buenos Aires.<\/p>\n<p>Con esta Ley, el\u00a0 juez pueda aplicar, en forma alternativa a la sanci\u00f3n de faltas leves, medidas que tengan finalidad social, educativa o de mitigaci\u00f3n del da\u00f1o ocasionado.<\/p>\n<p>El juez de faltas establecer\u00e1 el lugar, d\u00eda y horario de cumplimiento de las acciones de capacitaci\u00f3n, reparaci\u00f3n o sensibilizaci\u00f3n a realizar y fijar\u00e1 la forma de acreditaci\u00f3n del cumplimiento. En caso de incumplimiento total o parcial de las acciones exigidas en la medida alternativa, la persona infractora deber\u00e1 abonar el total de la multa que le hubiera sido impuesta originalmente m\u00e1s un cincuenta por ciento de recargo.<\/p>\n<p>Del mismo modo, se avanz\u00f3 en una iniciativa de la diputada Ver\u00f3nica Barbieri, que solicita modificar el Decreto Ley N\u00b0 6769\/58 de la Ley Org\u00e1nica de la Municipalidades con el fin de que cada concejo pueda dictar un reglamento interno, donde se incorpora la licencia por Parentalidad de los concejales, con goce \u00edntegro de dieta y cobertura social por el t\u00e9rmino de hasta 90 d\u00edas.<\/p>\n<p>Cabe destacar que esta ley de Parentalidad, implica el beneficio tanto para la madre como el padre, para hijos biol\u00f3gicos o adoptados.<\/p>\n<p>Por otro lado, se vot\u00f3 el proyecto de ley de la diputada Fernanda D\u00edaz, con el fin de\u00a0garantizar que las y los j\u00f3venes\u00a0puedan ser electos como presidentes de los Concejos Deliberantes en las sesiones preparatorias.<\/p>\n<p>Tambi\u00e9n se aprob\u00f3 la iniciativa del senador Jos\u00e9 Luis Pallares que solicita modificar art\u00edculos 4\u00b0 y 5\u00b0, e incorporar el art\u00edculo 11\u00b0 bis a la ley 12276, R\u00e9gimen Legal de Arbolado P\u00fablico, con el fin de proteger, enriquecer, restaurar y conservar el medio ambiente para que contin\u00faen brindando a los habitantes una mejor calidad de vida. Y la iniciativa del senador Agust\u00edn Maspoli, para instituir en la\u00a0provincia de Buenos Aires el d\u00eda del \u201cconcejal\/a\u201d, el 27 de abril de cada a\u00f1o.<\/p>\n<p>En tanto, la Comisi\u00f3n de Asuntos Culturales, presidida por la diputada Viviana Dirolli, abord\u00f3 m\u00e1s de una veintena de expedientes, aprobados todos por unanimidad. Entre ellos se destaca el proyecto de ley de la diputada Ver\u00f3nica Barbieri que busca reconocer a los ex-combatientes de Malvinas domiciliados en la provincia con una placa recordatoria que deber\u00e1 colocarse en sus viviendas.<\/p>\n<p>La placa llevar\u00e1 la leyenda \u201cAqu\u00ed vive un Ciudadano Ilustre Bonaerense Ex Combatiente en Malvinas\u201d y \u201cAqu\u00ed vivi\u00f3 un H\u00e9roe Bonaerense Ca\u00eddo en Combate por la Soberan\u00eda de Malvinas\u201d, junto al nombre y apellido de la persona distinguida.<\/p>\n<p>Tambi\u00e9n la iniciativa del diputado Alberto Conocchiari, que propone declarar Personalidad Destacada a Roberto Juarroz, poeta, bibliotecario y cr\u00edtico oriundo de Coronel Dorrego; entre otras.<\/p>\n<p>La comisi\u00f3n de Clubes y Asociaciones Civiles, a cargo de la diputada Luciana Padulo, aprob\u00f3 numerosos proyectos de declaraci\u00f3n que saludan diferentes aniversarios institucionales en territorio bonaerense.<\/p>\n<p>Por otra parte, avanz\u00f3 en comisi\u00f3n una propuesta para conceder Inter\u00e9s Legislativo a la creaci\u00f3n del Destacamento de Bomberos N\u00b0 3 de M\u00e1ximo Paz, perteneciente al Partido de Ca\u00f1uelas y otra que busca otorgar Inter\u00e9s Legislativo al trabajo de la Asociaci\u00f3n Civil San Francisco de As\u00eds, ubicada en la localidad de El Talar, Partido de Tigre.<\/p>\n<p>Por \u00faltimo, presidida por el diputado Emiliano Balb\u00edn, se reuni\u00f3 la Comisi\u00f3n de Asuntos Regionales y del Interior, donde se aprobaron declaraciones de Inter\u00e9s Legislativo de varias localidades y ciudades bonaerenses que cumplieron aniversarios de su fundaci\u00f3n<strong>(VW)<\/strong>.<\/p>\n","protected":false},"excerpt":{"rendered":"<p>Fue en la reuni\u00f3n de Asuntos Municipales en la que adem\u00e1s avanz\u00f3 una iniciativa para incorporar la licencia por parentalidad a concejales bonaerenses.<\/p>\n","protected":false},"author":3,"featured_media":11189,"comment_status":"closed","ping_status":"closed","sticky":false,"template":"","format":"standard","meta":{"_monsterinsights_skip_tracking":false,"_monsterinsights_sitenote_active":false,"_monsterinsights_sitenote_note":"","_monsterinsights_sitenote_category":0,"footnotes":""},"categories":[4],"tags":[4562,211,143],"class_list":["post-11188","post","type-post","status-publish","format-standard","has-post-thumbnail","hentry","category-politica","tag-codigo","tag-comision","tag-diputados"],"_links":{"self":[{"href":"https:\/\/www.visionweb.com.ar\/index.php?rest_route=\/wp\/v2\/posts\/11188","targetHints":{"allow":["GET"]}}],"collection":[{"href":"https:\/\/www.visionweb.com.ar\/index.php?rest_route=\/wp\/v2\/posts"}],"about":[{"href":"https:\/\/www.visionweb.com.ar\/index.php?rest_route=\/wp\/v2\/types\/post"}],"author":[{"embeddable":true,"href":"https:\/\/www.visionweb.com.ar\/index.php?rest_route=\/wp\/v2\/users\/3"}],"replies":[{"embeddable":true,"href":"https:\/\/www.visionweb.com.ar\/index.php?rest_route=%2Fwp%2Fv2%2Fcomments&post=11188"}],"version-history":[{"count":4,"href":"https:\/\/www.visionweb.com.ar\/index.php?rest_route=\/wp\/v2\/posts\/11188\/revisions"}],"predecessor-version":[{"id":11198,"href":"https:\/\/www.visionweb.com.ar\/index.php?rest_route=\/wp\/v2\/posts\/11188\/revisions\/11198"}],"wp:featuredmedia":[{"embeddable":true,"href":"https:\/\/www.visionweb.com.ar\/index.php?rest_route=\/wp\/v2\/media\/11189"}],"wp:attachment":[{"href":"https:\/\/www.visionweb.com.ar\/index.php?rest_route=%2Fwp%2Fv2%2Fmedia&parent=11188"}],"wp:term":[{"taxonomy":"category","embeddable":true,"href":"https:\/\/www.visionweb.com.ar\/index.php?rest_route=%2Fwp%2Fv2%2Fcategories&post=11188"},{"taxonomy":"post_tag","embeddable":true,"href":"https:\/\/www.visionweb.com.ar\/index.php?rest_route=%2Fwp%2Fv2%2Ftags&post=11188"}],"curies":[{"name":"wp","href":"https:\/\/api.w.org\/{rel}","templated":true}]}}