{"id":11183,"date":"2023-07-13T21:17:56","date_gmt":"2023-07-14T00:17:56","guid":{"rendered":"https:\/\/www.visionweb.com.ar\/?p=11183"},"modified":"2023-07-13T21:17:56","modified_gmt":"2023-07-14T00:17:56","slug":"el-indec-informo-la-inflacion-de-junio-con-6","status":"publish","type":"post","link":"https:\/\/www.visionweb.com.ar\/?p=11183","title":{"rendered":"El INDEC inform\u00f3 la inflaci\u00f3n de junio con 6%"},"content":{"rendered":"<p><em><strong>Entre los productos<u>\u00a0<\/u> que m\u00e1s aumentaron,<u>\u00a0<\/u>\u00a0el az\u00facar est\u00e1 en primer t\u00e9rmino: subi\u00f3 un 33,9% en el \u00faltimo mes, mientras que\u00a0la papa\u00a0aument\u00f3 un 24,7% y \u00faltimo en el podio de incrementos en el IPC fue la\u00a0yerba mate\u00a0con un 16,6%.<\/strong><\/em><!--more--><\/p>\n<p><strong>\u00a0 <img loading=\"lazy\" decoding=\"async\" class=\"size-full wp-image-10722 alignright\" src=\"https:\/\/www.visionweb.com.ar\/wp-content\/uploads\/2023\/05\/precios-justos.png\" alt=\"\" width=\"210\" height=\"118\" \/>\u00a0\u00a0 E<\/strong>l Instituto Nacional de Estad\u00edstica y Censos (INDEC)\u00a0dio a conocer esta tarde,<strong>\u00a0<\/strong>la inflaci\u00f3n de junio que<strong> alcanz\u00f3 el 6%\u00a0<\/strong> mientras que en la medici\u00f3n interanual se ubic\u00f3 en el 115,6%.<\/p>\n<p>En comparaci\u00f3n con el mes anterior donde el dato que revel\u00f3 el instituto estad\u00edstico se ubic\u00f3 en 7,8% y en abril, el cual fue de 8,4,\u00a0<strong>en este nuevo informe se registr\u00f3 una baja en la aceleraci\u00f3n de los precios<\/strong>\u00a0en la mayor\u00eda de los rubros.<\/p>\n<p>La divisi\u00f3n de mayor aumento en el mes fue\u00a0<strong>Comunicaciones\u00a0<\/strong>(10,5%), producto de la suba de servicios de telefon\u00eda e internet. Le siguieron\u00a0<strong>Salud (8,6%) por aumentos en medicamentos y en las cuotas de empresas de medicina prepaga,<\/strong> y Vivienda, agua, electricidad, gas y otros combustibles (8,1%).<\/p>\n<p>Los apartados del informe que menos aumentos tuvieron fueron\u00a0<strong>\u00abAlimentos\u00bb, el cual estuvo en la zona m\u00e1s baja de los incrementos con un 4,1%\u00a0<\/strong>y fue la principal causa de la desaceleraci\u00f3n del n\u00famero general, seguido por \u00abPrendas de vestir\u00bb con un 4,2% y \u00abBebidas alcoh\u00f3licas\u00bb con un 4,5%.<\/p>\n<p>En los seis meses que se relev\u00f3 la inflaci\u00f3n por parte del INDEC, los aumentos de precios se encuentran en el 50,7%, por lo que se mantiene la expectativa de que en el 2023 el IPC est\u00e9 por arriba de las tres cifras si se toma de enero a diciembre.<\/p>\n<p>En el desagregado entre los precios regulados, los estacionales y los llamados de \u00abIPC n\u00facleo\u00bb,\u00a0<strong>los que m\u00e1s\u00a0subieron son los que controla el Gobierno, que alcanzaron un aumento del 7,2%<\/strong>, mientras que los precios que se fijan por la temporada del a\u00f1o tuvieron solo un\u00a01,8%.<\/p>\n<p><strong>Los productos que m\u00e1s subieron en junio<\/strong><\/p>\n<p>El INDEC realiza todos los meses un listado de productos de primera necesidad que se releva en el Gran Buenos Aires entre los que se encuentran alimentos, productos de higiene personal y de limpieza.<\/p>\n<p>Entre estos productos<u>\u00a0<\/u>el que m\u00e1s aument\u00f3<u>\u00a0<\/u>fue\u00a0<strong>el az\u00facar<\/strong>, la cual subi\u00f3 un 33,9% en el \u00faltimo mes, mientras que\u00a0<strong>la papa<\/strong>\u00a0tambi\u00e9n subi\u00f3 un 24,7% y por \u00faltimo el podio de incrementos en el IPC fue de la\u00a0<strong>yerba mate<\/strong>\u00a0con un 16,6%.<\/p>\n<p>Mientras que los productos que<u>\u00a0<\/u>bajaron su valor\u00a0en junio fueron el\u00a0<strong>tomate redondo<\/strong>\u00a0con un 26,4% de ca\u00edda en su valor, seguido por\u00a0<strong>la naranja<\/strong>, que al ser estacional tambi\u00e9n tuvo un retroceso del 25,9 y por \u00faltimo\u00a0<strong>el lim\u00f3n<\/strong>\u00a0con una ca\u00edda del 14,5%. <strong>(VW)<\/strong><\/p>\n","protected":false},"excerpt":{"rendered":"<p>Entre los productos\u00a0 que m\u00e1s aumentaron,\u00a0\u00a0el az\u00facar est\u00e1 en primer t\u00e9rmino: subi\u00f3 un 33,9% en el \u00faltimo mes, mientras que\u00a0la papa\u00a0aument\u00f3 un 24,7% y \u00faltimo en el podio de incrementos en el IPC fue&#46;&#46;&#46;<\/p>\n","protected":false},"author":4,"featured_media":10722,"comment_status":"closed","ping_status":"closed","sticky":false,"template":"","format":"standard","meta":{"_monsterinsights_skip_tracking":false,"_monsterinsights_sitenote_active":false,"_monsterinsights_sitenote_note":"","_monsterinsights_sitenote_category":0,"footnotes":""},"categories":[6],"tags":[75,4643],"class_list":["post-11183","post","type-post","status-publish","format-standard","has-post-thumbnail","hentry","category-economia","tag-indec","tag-inflacion-de-junio"],"_links":{"self":[{"href":"https:\/\/www.visionweb.com.ar\/index.php?rest_route=\/wp\/v2\/posts\/11183","targetHints":{"allow":["GET"]}}],"collection":[{"href":"https:\/\/www.visionweb.com.ar\/index.php?rest_route=\/wp\/v2\/posts"}],"about":[{"href":"https:\/\/www.visionweb.com.ar\/index.php?rest_route=\/wp\/v2\/types\/post"}],"author":[{"embeddable":true,"href":"https:\/\/www.visionweb.com.ar\/index.php?rest_route=\/wp\/v2\/users\/4"}],"replies":[{"embeddable":true,"href":"https:\/\/www.visionweb.com.ar\/index.php?rest_route=%2Fwp%2Fv2%2Fcomments&post=11183"}],"version-history":[{"count":1,"href":"https:\/\/www.visionweb.com.ar\/index.php?rest_route=\/wp\/v2\/posts\/11183\/revisions"}],"predecessor-version":[{"id":11184,"href":"https:\/\/www.visionweb.com.ar\/index.php?rest_route=\/wp\/v2\/posts\/11183\/revisions\/11184"}],"wp:featuredmedia":[{"embeddable":true,"href":"https:\/\/www.visionweb.com.ar\/index.php?rest_route=\/wp\/v2\/media\/10722"}],"wp:attachment":[{"href":"https:\/\/www.visionweb.com.ar\/index.php?rest_route=%2Fwp%2Fv2%2Fmedia&parent=11183"}],"wp:term":[{"taxonomy":"category","embeddable":true,"href":"https:\/\/www.visionweb.com.ar\/index.php?rest_route=%2Fwp%2Fv2%2Fcategories&post=11183"},{"taxonomy":"post_tag","embeddable":true,"href":"https:\/\/www.visionweb.com.ar\/index.php?rest_route=%2Fwp%2Fv2%2Ftags&post=11183"}],"curies":[{"name":"wp","href":"https:\/\/api.w.org\/{rel}","templated":true}]}}