{"id":11173,"date":"2023-07-12T17:33:15","date_gmt":"2023-07-12T20:33:15","guid":{"rendered":"https:\/\/www.visionweb.com.ar\/?p=11173"},"modified":"2023-07-12T20:29:33","modified_gmt":"2023-07-12T23:29:33","slug":"el-consejo-deliberante-de-lanus-declaro-la-emergencia-en-seguridad","status":"publish","type":"post","link":"https:\/\/www.visionweb.com.ar\/?p=11173","title":{"rendered":"El Concejo Deliberante de Lan\u00fas declaro la emergencia en seguridad"},"content":{"rendered":"<p><em><strong>La ordenanza fue votada por unanimidad, aunque los ediles Juli\u00e1n \u00c1lvarez y\u00a0 Agust\u00edn Balladares, se ausentaron. Degenaro vot\u00f3 por la afirmativa.<\/strong><\/em> <!--more--><\/p>\n<p><strong><img loading=\"lazy\" decoding=\"async\" class=\"size-medium wp-image-2983 alignright\" src=\"https:\/\/www.visionweb.com.ar\/wp-content\/uploads\/2021\/10\/CD-DE-LANUS-300x161.png\" alt=\"\" width=\"300\" height=\"161\" srcset=\"https:\/\/www.visionweb.com.ar\/wp-content\/uploads\/2021\/10\/CD-DE-LANUS-300x161.png 300w, https:\/\/www.visionweb.com.ar\/wp-content\/uploads\/2021\/10\/CD-DE-LANUS.png 640w\" sizes=\"auto, (max-width: 300px) 100vw, 300px\" \/>E<\/strong>n una sesi\u00f3n especial realizada este mi\u00e9rcoles, el Concejo Deliberante de Lan\u00fas,\u00a0 aprob\u00f3 por unanimidad la declaraci\u00f3n de emergencia en seguridad del distrito, en una reuni\u00f3n en la que no faltaron cr\u00edticas de parte del Frente de Todos a la gesti\u00f3n que lleva adelante el jefe de Gabinete y precandidato a intendente de Juntos por el Cambio, Diego Kravetz.<\/p>\n<p>La emergencia se extender\u00e1 por doce meses, prorrogable a uno m\u00e1s y autoriza al Ejecutivo lanusesnse a implementar las acciones \u201cque resulten necesarias y conducentes que conlleven a un mejor cumplimiento de la ordenanza\u201d, aunque al no tener medidas concretas, la declaraci\u00f3n se limita a facilitar la gesti\u00f3n comunal al permitirle gastar con menos controles en todo lo que se relacine con ese tema.<\/p>\n<p>\u201cAcompa\u00f1amos porque coincidimos que hay una emergencia en materia de seguridad en el distrito, vivimos una situaci\u00f3n cr\u00edtica en Lan\u00fas\u201d, explic\u00f3 el concejal opositor Hugo De Gregorio.<\/p>\n<p>Aclar\u00f3 m\u00e1s adelante que: \u201cEs parad\u00f3jico que el responsable del \u00e1rea (Diego Kravetz) ustedes lo premien como candidato de su fuerza pol\u00edtica, es un dato preocupante y parad\u00f3jico\u201d.<\/p>\n<p>En ese sentido, la edil oficialista Claudia Serapio replic\u00f3: \u201cNo tiene nada que ver el comentario. La inseguridad no es algo que tiene que ver solo con Lan\u00fas, sino que afecta a toda la provincia cosa que la gesti\u00f3n provincial ha hecho bastante poco\u201d.<\/p>\n<p>Serapia tambi\u00e9n cuestion\u00f3 que el Ejecutivo de la provincia de Buenos Aires \u201cse acord\u00f3 tarde de que Lan\u00fas existe y solo mandaron 23 m\u00f3viles\u201d.<\/p>\n<p>\u201cEstar\u00eda bueno que los bloques del Frente de Todos tomen nota y pidan que devuelvan los patrulleros que le sacaron al distrito\u201d, desafi\u00f3 la edil.<\/p>\n<p>Por su parte, la titular del bloque de Juntos por el Cambio, Silvia Recalde, record\u00f3 que la provincia se encuentra en emergencia social, econ\u00f3mica, productiva, y energ\u00e9tica; agropecuaria y sanitaria; as\u00ed como en seguridad p\u00fablica, pol\u00edtica y salud penitenciaria, infraestructura, h\u00e1bitat, vivienda y servicios p\u00fablicos, administrativa y tecnol\u00f3gica.<\/p>\n<p>Desde el peronismo acompa\u00f1aron la ordenanza aunque dos de los tres precandidatos a intendente que se sientan en el legislativo comunal se ausentaron y no figuraron en la foto: Juli\u00e1n \u00c1lvarez y Agust\u00edn Balladares. El que s\u00ed estuvo fue V\u00edctor de Gennaro<strong>(VW)<\/strong>.<\/p>\n","protected":false},"excerpt":{"rendered":"<p>La ordenanza fue votada por unanimidad, aunque los ediles Juli\u00e1n \u00c1lvarez y\u00a0 Agust\u00edn Balladares, se ausentaron. Degenaro vot\u00f3 por la afirmativa.<\/p>\n","protected":false},"author":3,"featured_media":682,"comment_status":"closed","ping_status":"closed","sticky":false,"template":"","format":"standard","meta":{"_monsterinsights_skip_tracking":false,"_monsterinsights_sitenote_active":false,"_monsterinsights_sitenote_note":"","_monsterinsights_sitenote_category":0,"footnotes":""},"categories":[4],"tags":[4183,3912,529,4638],"class_list":["post-11173","post","type-post","status-publish","format-standard","has-post-thumbnail","hentry","category-politica","tag-cd","tag-politica","tag-seguridad","tag-unanimidad"],"_links":{"self":[{"href":"https:\/\/www.visionweb.com.ar\/index.php?rest_route=\/wp\/v2\/posts\/11173","targetHints":{"allow":["GET"]}}],"collection":[{"href":"https:\/\/www.visionweb.com.ar\/index.php?rest_route=\/wp\/v2\/posts"}],"about":[{"href":"https:\/\/www.visionweb.com.ar\/index.php?rest_route=\/wp\/v2\/types\/post"}],"author":[{"embeddable":true,"href":"https:\/\/www.visionweb.com.ar\/index.php?rest_route=\/wp\/v2\/users\/3"}],"replies":[{"embeddable":true,"href":"https:\/\/www.visionweb.com.ar\/index.php?rest_route=%2Fwp%2Fv2%2Fcomments&post=11173"}],"version-history":[{"count":3,"href":"https:\/\/www.visionweb.com.ar\/index.php?rest_route=\/wp\/v2\/posts\/11173\/revisions"}],"predecessor-version":[{"id":11176,"href":"https:\/\/www.visionweb.com.ar\/index.php?rest_route=\/wp\/v2\/posts\/11173\/revisions\/11176"}],"wp:featuredmedia":[{"embeddable":true,"href":"https:\/\/www.visionweb.com.ar\/index.php?rest_route=\/wp\/v2\/media\/682"}],"wp:attachment":[{"href":"https:\/\/www.visionweb.com.ar\/index.php?rest_route=%2Fwp%2Fv2%2Fmedia&parent=11173"}],"wp:term":[{"taxonomy":"category","embeddable":true,"href":"https:\/\/www.visionweb.com.ar\/index.php?rest_route=%2Fwp%2Fv2%2Fcategories&post=11173"},{"taxonomy":"post_tag","embeddable":true,"href":"https:\/\/www.visionweb.com.ar\/index.php?rest_route=%2Fwp%2Fv2%2Ftags&post=11173"}],"curies":[{"name":"wp","href":"https:\/\/api.w.org\/{rel}","templated":true}]}}