{"id":11170,"date":"2023-07-12T12:44:19","date_gmt":"2023-07-12T15:44:19","guid":{"rendered":"https:\/\/www.visionweb.com.ar\/?p=11170"},"modified":"2023-07-12T12:44:19","modified_gmt":"2023-07-12T15:44:19","slug":"avanza-el-proyecto-para-la-transformacion-de-la-ruta-205-en-autopista","status":"publish","type":"post","link":"https:\/\/www.visionweb.com.ar\/?p=11170","title":{"rendered":"Avanza el proyecto para la transformaci\u00f3n de la Ruta 205 en autopista"},"content":{"rendered":"<p><em><strong>La obra actual es la Variante Ca\u00f1uelas, y el proyecto nuevo agregar\u00eda la transformaci\u00f3n en autopista. Habr\u00e1 una licitaci\u00f3n en agosto. El administrador de Vialidad Nacional, Gustavo Arrieta, recibi\u00f3 al intendente de Lobos para avanzar con el proyecto.<\/strong><\/em><!--more--><\/p>\n<p><strong><img loading=\"lazy\" decoding=\"async\" class=\"size-medium wp-image-11171 alignright\" src=\"https:\/\/www.visionweb.com.ar\/wp-content\/uploads\/2023\/07\/autopista-205-300x191.png\" alt=\"\" width=\"300\" height=\"191\" srcset=\"https:\/\/www.visionweb.com.ar\/wp-content\/uploads\/2023\/07\/autopista-205-300x191.png 300w, https:\/\/www.visionweb.com.ar\/wp-content\/uploads\/2023\/07\/autopista-205.png 304w\" sizes=\"auto, (max-width: 300px) 100vw, 300px\" \/>\u00a0\u00a0\u00a0\u00a0 L<\/strong>a Direcci\u00f3n de\u00a0<strong>Vialidad Nacional\u00a0<\/strong>avanza con el proyecto destinado a ampliar la capacidad de la<strong> Ruta Nacional 205 <\/strong>en el tramo que conecta Ca\u00f1uelas y Lobos.<\/p>\n<p>Seg\u00fan se inform\u00f3 oficialmente, el administrador del \u00e1rea,\u00a0<strong>Gustavo Arrieta<\/strong>, se reuni\u00f3 con el intendente de Lobos,\u00a0<strong>Jorge Etcheverry<\/strong>, para acordar fechas de licitaci\u00f3n y adjudicaci\u00f3n del proyecto, perteneciente al ex esquema de Participaci\u00f3n P\u00fablico Privada (PPP).<\/p>\n<p>Actualmente,\u00a0<strong>se est\u00e1 ejecutando la Variante Ca\u00f1uelas y el proyecto agregar\u00eda la transformaci\u00f3n en autopista (con dos carriles en ambos sentidos) de los 29 kil\u00f3metros desde dicho punto hasta la intersecci\u00f3n con la Ruta Provincial 41<\/strong>, en el acceso a Lobos.<\/p>\n<p>Tambi\u00e9n se construir\u00e1n distribuidores a distinto nivel en el acceso al paraje El Taladro, a Uribelarrea y a Zapiola, as\u00ed como ramas de ingreso y egreso a la autopista y puentes sobre el Ferrocarril Roca.<\/p>\n<p>Seg\u00fan se acord\u00f3 en la reuni\u00f3n de ayer,\u00a0<strong>la licitaci\u00f3n se publicar\u00e1 en agosto mediante el sistema p\u00fablico Contrat.AR y la adjudicaci\u00f3n ser\u00e1 en septiembre<\/strong>. De acuerdo a informaci\u00f3n preliminar de las \u00e1reas t\u00e9cnicas de Vialidad Nacional,\u00a0<strong>la obra demandar\u00e1 una inversi\u00f3n de $30 mil millones y unos tres a\u00f1os de trabajo<\/strong>.<\/p>\n<p>\u201c<strong>Estamos ante una obra de vital importancia para la conectividad de esta zona que tiene tanto tr\u00e1nsito pesado relacionado con el traslado de la producci\u00f3n y la log\u00edstica. La duplicaci\u00f3n de calzada reducir\u00e1 significativamente los \u00edndices de siniestralida<\/strong>d en una zona netamente urbana que coincide con la salida de Ca\u00f1uelas y el acceso a Lobos\u201d, destac\u00f3 Arrieta.<\/p>\n<p>Y agreg\u00f3: \u201cEs una obra largamente esperada por vecinos y vecinas de toda esta regi\u00f3n\u201d.<\/p>\n<p>En relaci\u00f3n a las ex PPP, Arrieta se\u00f1al\u00f3 que \u201cesta gesti\u00f3n de Vialidad Nacional recibi\u00f3 todos los proyectos incompletos de la traza de la RN 205, que\u00a0<strong>hubo que redise\u00f1ar y volver a realizar en su totalidad<\/strong>\u201d.<\/p>\n<p>De la reuni\u00f3n tambi\u00e9n particip\u00f3,\u00a0<strong>Emma Albrieu,<\/strong> \u00a0gerente ejecutiva de Planeamiento y Concesiones de Vialidad Nacional; sus pares de Proyectos y Obras,\u00a0<strong>V\u00edctor Farre<\/strong>, y de Recursos Humanos,\u00a0<strong>Jorge Ruesga<\/strong>; y el asesor en Asuntos Interjurisdiccionales del organismo vial,\u00a0<strong>Fausto Graves<\/strong>. Tambi\u00e9n participaron los concejales lobenses del Frente de Todos\u00a0<strong>Mat\u00edas Thea<\/strong>\u00a0y<strong>\u00a0Nahuel Robles<\/strong>. <strong>(VW)<\/strong><\/p>\n","protected":false},"excerpt":{"rendered":"<p>La obra actual es la Variante Ca\u00f1uelas, y el proyecto nuevo agregar\u00eda la transformaci\u00f3n en autopista. Habr\u00e1 una licitaci\u00f3n en agosto. El administrador de Vialidad Nacional, Gustavo Arrieta, recibi\u00f3 al intendente de Lobos para&#46;&#46;&#46;<\/p>\n","protected":false},"author":4,"featured_media":11171,"comment_status":"closed","ping_status":"closed","sticky":false,"template":"","format":"standard","meta":{"_monsterinsights_skip_tracking":false,"_monsterinsights_sitenote_active":false,"_monsterinsights_sitenote_note":"","_monsterinsights_sitenote_category":0,"footnotes":""},"categories":[8],"tags":[4637,1928,399,4636,4635],"class_list":["post-11170","post","type-post","status-publish","format-standard","has-post-thumbnail","hentry","category-interes-general","tag-autopista","tag-canuelas","tag-lobos","tag-ruta-nacional-205","tag-vialidad-nacional"],"_links":{"self":[{"href":"https:\/\/www.visionweb.com.ar\/index.php?rest_route=\/wp\/v2\/posts\/11170","targetHints":{"allow":["GET"]}}],"collection":[{"href":"https:\/\/www.visionweb.com.ar\/index.php?rest_route=\/wp\/v2\/posts"}],"about":[{"href":"https:\/\/www.visionweb.com.ar\/index.php?rest_route=\/wp\/v2\/types\/post"}],"author":[{"embeddable":true,"href":"https:\/\/www.visionweb.com.ar\/index.php?rest_route=\/wp\/v2\/users\/4"}],"replies":[{"embeddable":true,"href":"https:\/\/www.visionweb.com.ar\/index.php?rest_route=%2Fwp%2Fv2%2Fcomments&post=11170"}],"version-history":[{"count":1,"href":"https:\/\/www.visionweb.com.ar\/index.php?rest_route=\/wp\/v2\/posts\/11170\/revisions"}],"predecessor-version":[{"id":11172,"href":"https:\/\/www.visionweb.com.ar\/index.php?rest_route=\/wp\/v2\/posts\/11170\/revisions\/11172"}],"wp:featuredmedia":[{"embeddable":true,"href":"https:\/\/www.visionweb.com.ar\/index.php?rest_route=\/wp\/v2\/media\/11171"}],"wp:attachment":[{"href":"https:\/\/www.visionweb.com.ar\/index.php?rest_route=%2Fwp%2Fv2%2Fmedia&parent=11170"}],"wp:term":[{"taxonomy":"category","embeddable":true,"href":"https:\/\/www.visionweb.com.ar\/index.php?rest_route=%2Fwp%2Fv2%2Fcategories&post=11170"},{"taxonomy":"post_tag","embeddable":true,"href":"https:\/\/www.visionweb.com.ar\/index.php?rest_route=%2Fwp%2Fv2%2Ftags&post=11170"}],"curies":[{"name":"wp","href":"https:\/\/api.w.org\/{rel}","templated":true}]}}