{"id":11160,"date":"2023-07-11T15:36:36","date_gmt":"2023-07-11T18:36:36","guid":{"rendered":"https:\/\/www.visionweb.com.ar\/?p=11160"},"modified":"2023-07-11T15:36:36","modified_gmt":"2023-07-11T18:36:36","slug":"se-realiza-la-primera-feria-bonaerense-de-sabores","status":"publish","type":"post","link":"https:\/\/www.visionweb.com.ar\/?p=11160","title":{"rendered":"Se realiza la primera feria bonaerense de sabores"},"content":{"rendered":"<p><em><strong>Ser\u00e1 el pr\u00f3ximo s\u00e1bado\u00a0 de 15 a 20 en Avellaneda, con entrada libre. En los puestos se podr\u00e1n encontrar producciones t\u00edpicas de cada una de las distintas zonas geogr\u00e1ficas de la Provincia.<\/strong><\/em><!--more--><\/p>\n<div dir=\"auto\"><strong><img loading=\"lazy\" decoding=\"async\" class=\"size-medium wp-image-11161 alignright\" src=\"https:\/\/www.visionweb.com.ar\/wp-content\/uploads\/2023\/07\/FERIA-DE-ALIMENTOS-300x282.png\" alt=\"\" width=\"300\" height=\"282\" srcset=\"https:\/\/www.visionweb.com.ar\/wp-content\/uploads\/2023\/07\/FERIA-DE-ALIMENTOS-300x282.png 300w, https:\/\/www.visionweb.com.ar\/wp-content\/uploads\/2023\/07\/FERIA-DE-ALIMENTOS.png 511w\" sizes=\"auto, (max-width: 300px) 100vw, 300px\" \/>E<\/strong>l pr\u00f3ximo s\u00e1bado 15 de julio se realizar\u00e1 la primera edici\u00f3n de Sabores Bonaerenses, con m\u00e1s de 150 puestos en los que se podr\u00e1n comprar y degustar alimentos artesanales producidos en la provincia de Buenos Aires.<\/div>\n<div dir=\"auto\"><\/div>\n<div dir=\"auto\">El evento, organizado por el Ministerio de Desarrollo Agrario con el acompa\u00f1amiento del Instituto Cultural de la provincia de Buenos Aires y el municipio de Avellaneda, tendr\u00e1 lugar en el Parque Municipal La Estaci\u00f3n, ubicado en G\u00fcemes al 700 de la localidad de Avellaneda, en el horario de 11 a 20. La entrada es libre y gratuita.<\/div>\n<div dir=\"auto\"><\/div>\n<div dir=\"auto\">En los puestos se podr\u00e1n encontrar producciones t\u00edpicas de cada una de las distintas zonas geogr\u00e1ficas de la Provincia. Se ofrecer\u00e1n dulces, embutidos, conservas, salsas, condimentos, miel, l\u00e1cteos, y bebidas alcoh\u00f3licas, entre otros alimentos, realizados por peque\u00f1os, medianos y grandes productores bonaerenses.<\/div>\n<div dir=\"auto\"><\/div>\n<div dir=\"auto\">\u00abSabores Bonaerenses va a permitir que cada vez m\u00e1s consumidores puedan conocer la gran variedad de alimentos que se producen en la Provincia y disfrutar la calidad de estas producciones, que es ampliamente reconocida\u00bb, destac\u00f3 el ministro de Desarrollo Agrario, Javier Rodr\u00edguez.<\/div>\n<div dir=\"auto\"><\/div>\n<div dir=\"auto\">Adem\u00e1s habr\u00e1 foodtrucks con una amplia oferta gastron\u00f3mica para los asistentes y espect\u00e1culos para toda la familia, incluyendo un espacio de cocina en vivo a cargo de Juan Braceli y otros reconocidos cocineros.<\/div>\n<div dir=\"auto\"><\/div>\n<div dir=\"auto\">Los m\u00e1s chicos podr\u00e1n disfrutar de distintas actividades especialmente pensadas para ellos y de un espacio l\u00fadico.<\/div>\n<div dir=\"auto\"><\/div>\n<div dir=\"auto\">Durante la jornada tambi\u00e9n habr\u00e1 shows musicales para toda la familia; tocar\u00e1n Tita Print, Vale Acevedo, y J\u00e9sica Mara, con una propuesta para las infancias.<\/div>\n<div dir=\"auto\"><\/div>\n<div dir=\"auto\">Sabores Bonaerenses continuar\u00e1 su recorrido por distintos puntos de la Provincia: el 29 de julio, en Villa Gesell; el 26 de agosto, en Luj\u00e1n; y el 14 de octubre, en Escobar<strong>(VW)<\/strong>.<\/div>\n<p>&nbsp;<\/p>\n","protected":false},"excerpt":{"rendered":"<p>Ser\u00e1 el pr\u00f3ximo s\u00e1bado\u00a0 de 15 a 20 en Avellaneda, con entrada libre. En los puestos se podr\u00e1n encontrar producciones t\u00edpicas de cada una de las distintas zonas geogr\u00e1ficas de la Provincia.<\/p>\n","protected":false},"author":3,"featured_media":11161,"comment_status":"closed","ping_status":"closed","sticky":false,"template":"","format":"standard","meta":{"_monsterinsights_skip_tracking":false,"_monsterinsights_sitenote_active":false,"_monsterinsights_sitenote_note":"","_monsterinsights_sitenote_category":0,"footnotes":""},"categories":[1317],"tags":[83,2579,4630],"class_list":["post-11160","post","type-post","status-publish","format-standard","has-post-thumbnail","hentry","category-sabores-y-tendencias","tag-avellaneda","tag-feria","tag-sabores"],"_links":{"self":[{"href":"https:\/\/www.visionweb.com.ar\/index.php?rest_route=\/wp\/v2\/posts\/11160","targetHints":{"allow":["GET"]}}],"collection":[{"href":"https:\/\/www.visionweb.com.ar\/index.php?rest_route=\/wp\/v2\/posts"}],"about":[{"href":"https:\/\/www.visionweb.com.ar\/index.php?rest_route=\/wp\/v2\/types\/post"}],"author":[{"embeddable":true,"href":"https:\/\/www.visionweb.com.ar\/index.php?rest_route=\/wp\/v2\/users\/3"}],"replies":[{"embeddable":true,"href":"https:\/\/www.visionweb.com.ar\/index.php?rest_route=%2Fwp%2Fv2%2Fcomments&post=11160"}],"version-history":[{"count":1,"href":"https:\/\/www.visionweb.com.ar\/index.php?rest_route=\/wp\/v2\/posts\/11160\/revisions"}],"predecessor-version":[{"id":11162,"href":"https:\/\/www.visionweb.com.ar\/index.php?rest_route=\/wp\/v2\/posts\/11160\/revisions\/11162"}],"wp:featuredmedia":[{"embeddable":true,"href":"https:\/\/www.visionweb.com.ar\/index.php?rest_route=\/wp\/v2\/media\/11161"}],"wp:attachment":[{"href":"https:\/\/www.visionweb.com.ar\/index.php?rest_route=%2Fwp%2Fv2%2Fmedia&parent=11160"}],"wp:term":[{"taxonomy":"category","embeddable":true,"href":"https:\/\/www.visionweb.com.ar\/index.php?rest_route=%2Fwp%2Fv2%2Fcategories&post=11160"},{"taxonomy":"post_tag","embeddable":true,"href":"https:\/\/www.visionweb.com.ar\/index.php?rest_route=%2Fwp%2Fv2%2Ftags&post=11160"}],"curies":[{"name":"wp","href":"https:\/\/api.w.org\/{rel}","templated":true}]}}