{"id":11157,"date":"2023-07-11T08:09:16","date_gmt":"2023-07-11T11:09:16","guid":{"rendered":"https:\/\/www.visionweb.com.ar\/?p=11157"},"modified":"2023-07-11T08:09:16","modified_gmt":"2023-07-11T11:09:16","slug":"grindetti-le-contesto-a-axel-kicillof","status":"publish","type":"post","link":"https:\/\/www.visionweb.com.ar\/?p=11157","title":{"rendered":"Grindetti le contest\u00f3 a Axel Kicillof"},"content":{"rendered":"<p><em><strong>El intendente de Lan\u00fas, en uso de licencia, asegur\u00f3 que el actual gobernador bonaerenses, en los \u00faltimos 3 a\u00f1os \u00absolo se dedic\u00f3 a insultar a la oposici\u00f3n, de gesti\u00f3n y cercan\u00eda con la gente nada\u00bb.<\/strong><\/em><!--more--><\/p>\n<p><strong><img loading=\"lazy\" decoding=\"async\" class=\"size-medium wp-image-11158 alignright\" src=\"https:\/\/www.visionweb.com.ar\/wp-content\/uploads\/2023\/07\/CASEROS-300x200.jpeg\" alt=\"\" width=\"300\" height=\"200\" srcset=\"https:\/\/www.visionweb.com.ar\/wp-content\/uploads\/2023\/07\/CASEROS-300x200.jpeg 300w, https:\/\/www.visionweb.com.ar\/wp-content\/uploads\/2023\/07\/CASEROS.jpeg 640w\" sizes=\"auto, (max-width: 300px) 100vw, 300px\" \/>E<\/strong>n el marco de una recorrida por la localidad de Caseros en Tres de\u00a0Febrero, el precandidato a gobernador de Patricia Bullrich en la provincia de Buenos Aires, Nestor Grindetti, le respondi\u00f3 a Axel Kicillof que trat\u00f3 de \u00bb in\u00fatiles\u00bb a los dirigentes de la oposici\u00f3n.<\/p>\n<p>\u00abEstamos acostumbrados y no me sorprende, en los \u00faltimos tres a\u00f1os solo se dedic\u00f3 a insultar a la oposici\u00f3n, de gesti\u00f3n y cercan\u00eda con la gente nada, hasta la vicepresidenta se dio cuenta y le tuvo que intervenir el gobierno con intendentes\u00bb, arremeti\u00f3 Grindetti.<\/p>\n<p>Como parte de su campa\u00f1a electoral de cara a las PASO del pr\u00f3ximo 13 de Agosto, Bullrich y Grindetti llegaron hasta el norte del conurbano bonaerense para recorrer comercios y dialogar con vecinos y comerciantes sobre la situaci\u00f3n econ\u00f3mica y la escalada del delito en el conurbano.<\/p>\n<p>Consultado sobre las declaraciones de Kicillof en contra de la oposici\u00f3n, el precandidato de Bullrich en la provincia de Buenos Aires, analiz\u00f3: \u00abEstamos acostumbrados y no me sorprende, en los \u00faltimos tres a\u00f1os solo se dedic\u00f3 a insultar a la oposici\u00f3n, de gesti\u00f3n y cercan\u00eda con la gente cero\u00bb<\/p>\n<p>\u00abEl kirchnerismo arma un relato que est\u00e1 vac\u00edo de contenido, la gente ya se dio cuenta, ya les descubrimos todos los trucos, siempre que estamos cerca de una elecci\u00f3n intentan armar una ficci\u00f3n para justificar su propio fracaso y tratar de culpar a otros, la pandemia , la guerra, la oposici\u00f3n, ellos nunca tienen la culpa de nada, pero resulta que hace 16 a\u00f1os que gobiernan y al final del d\u00eda todos los indicadores econ\u00f3micos y sociales empeoraron\u00bb, dispar\u00f3 Grindetti.<\/p>\n<p>\u201cHasta la vicepresidenta se dio cuenta que su gesti\u00f3n era deficitaria y le tuvo que intervenir el gobierno con intendentes para llevar un poco m\u00e1s de realidad a la provincia\u201d, sentenci\u00f3 Grindetti quien estuvo acompa\u00f1ado del precandidato a diputado nacional, Cristian Ritondo y del referente local, Gustavo Spalleti<strong>(VW)<\/strong>.<\/p>\n","protected":false},"excerpt":{"rendered":"<p>El intendente de Lan\u00fas, en uso de licencia, asegur\u00f3 que el actual gobernador bonaerenses, en los \u00faltimos 3 a\u00f1os \u00absolo se dedic\u00f3 a insultar a la oposici\u00f3n, de gesti\u00f3n y cercan\u00eda con la gente&#46;&#46;&#46;<\/p>\n","protected":false},"author":3,"featured_media":11158,"comment_status":"closed","ping_status":"closed","sticky":false,"template":"","format":"standard","meta":{"_monsterinsights_skip_tracking":false,"_monsterinsights_sitenote_active":false,"_monsterinsights_sitenote_note":"","_monsterinsights_sitenote_category":0,"footnotes":""},"categories":[4],"tags":[504,18,167],"class_list":["post-11157","post","type-post","status-publish","format-standard","has-post-thumbnail","hentry","category-politica","tag-bullrich","tag-grindetti","tag-kicillof"],"_links":{"self":[{"href":"https:\/\/www.visionweb.com.ar\/index.php?rest_route=\/wp\/v2\/posts\/11157","targetHints":{"allow":["GET"]}}],"collection":[{"href":"https:\/\/www.visionweb.com.ar\/index.php?rest_route=\/wp\/v2\/posts"}],"about":[{"href":"https:\/\/www.visionweb.com.ar\/index.php?rest_route=\/wp\/v2\/types\/post"}],"author":[{"embeddable":true,"href":"https:\/\/www.visionweb.com.ar\/index.php?rest_route=\/wp\/v2\/users\/3"}],"replies":[{"embeddable":true,"href":"https:\/\/www.visionweb.com.ar\/index.php?rest_route=%2Fwp%2Fv2%2Fcomments&post=11157"}],"version-history":[{"count":1,"href":"https:\/\/www.visionweb.com.ar\/index.php?rest_route=\/wp\/v2\/posts\/11157\/revisions"}],"predecessor-version":[{"id":11159,"href":"https:\/\/www.visionweb.com.ar\/index.php?rest_route=\/wp\/v2\/posts\/11157\/revisions\/11159"}],"wp:featuredmedia":[{"embeddable":true,"href":"https:\/\/www.visionweb.com.ar\/index.php?rest_route=\/wp\/v2\/media\/11158"}],"wp:attachment":[{"href":"https:\/\/www.visionweb.com.ar\/index.php?rest_route=%2Fwp%2Fv2%2Fmedia&parent=11157"}],"wp:term":[{"taxonomy":"category","embeddable":true,"href":"https:\/\/www.visionweb.com.ar\/index.php?rest_route=%2Fwp%2Fv2%2Fcategories&post=11157"},{"taxonomy":"post_tag","embeddable":true,"href":"https:\/\/www.visionweb.com.ar\/index.php?rest_route=%2Fwp%2Fv2%2Ftags&post=11157"}],"curies":[{"name":"wp","href":"https:\/\/api.w.org\/{rel}","templated":true}]}}