{"id":11149,"date":"2023-07-10T08:19:04","date_gmt":"2023-07-10T11:19:04","guid":{"rendered":"https:\/\/www.visionweb.com.ar\/?p=11149"},"modified":"2023-07-10T08:27:33","modified_gmt":"2023-07-10T11:27:33","slug":"comercio-actualizo-los-precios-de-la-canasta-de-frutas-y-verduras-de-estacion","status":"publish","type":"post","link":"https:\/\/www.visionweb.com.ar\/?p=11149","title":{"rendered":"Comercio actualiz\u00f3 los precios de la canasta de frutas y verduras de estaci\u00f3n"},"content":{"rendered":"<p><em><strong>La canasta estar\u00e1 disponible hasta el 31 de julio en grandes cadenas de supermercados. El acuerdo alcanza solo a los super mercados de la la zona AMBA (Capital y Gran Buenos Aires)\u00a0<\/strong><\/em><!--more--><\/p>\n<p><strong><img loading=\"lazy\" decoding=\"async\" class=\"size-medium wp-image-9137 alignright\" src=\"https:\/\/www.visionweb.com.ar\/wp-content\/uploads\/2023\/01\/frutas-y-verduras-300x170.jpg\" alt=\"\" width=\"300\" height=\"170\" srcset=\"https:\/\/www.visionweb.com.ar\/wp-content\/uploads\/2023\/01\/frutas-y-verduras-300x170.jpg 300w, https:\/\/www.visionweb.com.ar\/wp-content\/uploads\/2023\/01\/frutas-y-verduras.bmp 504w\" sizes=\"auto, (max-width: 300px) 100vw, 300px\" \/>L<\/strong>a Secretar\u00eda de Comercio actualiz\u00f3 los precios de la canasta de frutas y verduras de estaci\u00f3n, que estar\u00e1 disponible desde este este viernes,\u00a0 hasta el 31 de julio en grandes cadenas de supermercados del \u00c1rea Metropolitana de Buenos Aires (AMBA).<\/p>\n<p>El precio por kilo de los art\u00edculos de esa canasta ser\u00e1: papa negra, $249; tomate redondo, $450; zapallo anco, $155; cebolla, $180; manzana, $420; banana Ecuador, $560 y banana subtropical, $440.<\/p>\n<p>Esta canasta mantendr\u00e1 sus precios fijos durante todo el mes, \u00abcon el objetivo de llevar alivio a los bolsillos de los argentinos y argentinas y brindar orden, previsibilidad y abastecimiento\u00bb, sostuvo Comercio.<\/p>\n<p>La iniciativa es un acuerdo voluntario con los proveedores del Mercado Central de Buenos Aires y grandes cadenas de supermercados para fijar los precios de las frutas y verduras m\u00e1s representativas del consumo de los argentinos<strong>(VW)<\/strong><\/p>\n","protected":false},"excerpt":{"rendered":"<p>La canasta estar\u00e1 disponible hasta el 31 de julio en grandes cadenas de supermercados. El acuerdo alcanza solo a los super mercados de la la zona AMBA (Capital y Gran Buenos Aires)\u00a0<\/p>\n","protected":false},"author":3,"featured_media":9137,"comment_status":"closed","ping_status":"closed","sticky":false,"template":"","format":"standard","meta":{"_monsterinsights_skip_tracking":false,"_monsterinsights_sitenote_active":false,"_monsterinsights_sitenote_note":"","_monsterinsights_sitenote_category":0,"footnotes":""},"categories":[3],"tags":[172,254,1005,2148,4223],"class_list":["post-11149","post","type-post","status-publish","format-standard","has-post-thumbnail","hentry","category-actualidad","tag-comercio","tag-convenio","tag-frutas","tag-super-mercados","tag-verduras"],"_links":{"self":[{"href":"https:\/\/www.visionweb.com.ar\/index.php?rest_route=\/wp\/v2\/posts\/11149","targetHints":{"allow":["GET"]}}],"collection":[{"href":"https:\/\/www.visionweb.com.ar\/index.php?rest_route=\/wp\/v2\/posts"}],"about":[{"href":"https:\/\/www.visionweb.com.ar\/index.php?rest_route=\/wp\/v2\/types\/post"}],"author":[{"embeddable":true,"href":"https:\/\/www.visionweb.com.ar\/index.php?rest_route=\/wp\/v2\/users\/3"}],"replies":[{"embeddable":true,"href":"https:\/\/www.visionweb.com.ar\/index.php?rest_route=%2Fwp%2Fv2%2Fcomments&post=11149"}],"version-history":[{"count":1,"href":"https:\/\/www.visionweb.com.ar\/index.php?rest_route=\/wp\/v2\/posts\/11149\/revisions"}],"predecessor-version":[{"id":11150,"href":"https:\/\/www.visionweb.com.ar\/index.php?rest_route=\/wp\/v2\/posts\/11149\/revisions\/11150"}],"wp:featuredmedia":[{"embeddable":true,"href":"https:\/\/www.visionweb.com.ar\/index.php?rest_route=\/wp\/v2\/media\/9137"}],"wp:attachment":[{"href":"https:\/\/www.visionweb.com.ar\/index.php?rest_route=%2Fwp%2Fv2%2Fmedia&parent=11149"}],"wp:term":[{"taxonomy":"category","embeddable":true,"href":"https:\/\/www.visionweb.com.ar\/index.php?rest_route=%2Fwp%2Fv2%2Fcategories&post=11149"},{"taxonomy":"post_tag","embeddable":true,"href":"https:\/\/www.visionweb.com.ar\/index.php?rest_route=%2Fwp%2Fv2%2Ftags&post=11149"}],"curies":[{"name":"wp","href":"https:\/\/api.w.org\/{rel}","templated":true}]}}