{"id":11127,"date":"2023-07-07T11:39:50","date_gmt":"2023-07-07T14:39:50","guid":{"rendered":"https:\/\/www.visionweb.com.ar\/?p=11127"},"modified":"2023-07-07T11:42:38","modified_gmt":"2023-07-07T14:42:38","slug":"diputados-decretaron-duelo-nacional-el-18-de-julio-por-el-atentado-a-la-amia","status":"publish","type":"post","link":"https:\/\/www.visionweb.com.ar\/?p=11127","title":{"rendered":"Diputados: Aprobaron declarar duelo nacional el 18 de julio por el atentado a la AMIA"},"content":{"rendered":"<p><em><strong>Diputados aprob\u00f3 la declaraci\u00f3n del d\u00eda 18 de julio como duelo nacional. Durante la sesi\u00f3n, Javier Milei y Victoria Villarruel votaron en contra. \u00a0Ser\u00e1 un d\u00eda h\u00e1bil con normalidad pero a la vez, ser\u00e1 una jornada de reflexi\u00f3n.<\/strong><\/em><!--more--><\/p>\n<div id=\"attachment_11128\" style=\"width: 310px\" class=\"wp-caption alignright\"><img loading=\"lazy\" decoding=\"async\" aria-describedby=\"caption-attachment-11128\" class=\"wp-image-11128 size-medium\" src=\"https:\/\/www.visionweb.com.ar\/wp-content\/uploads\/2023\/07\/amia-300x166.png\" alt=\"\" width=\"300\" height=\"166\" srcset=\"https:\/\/www.visionweb.com.ar\/wp-content\/uploads\/2023\/07\/amia-300x166.png 300w, https:\/\/www.visionweb.com.ar\/wp-content\/uploads\/2023\/07\/amia.png 302w\" sizes=\"auto, (max-width: 300px) 100vw, 300px\" \/><p id=\"caption-attachment-11128\" class=\"wp-caption-text\">El d\u00eda 18 de julio de 1994 fue el atentado terrorista en la sede de la Amia de la calle Pasteur. Foto: internet<\/p><\/div>\n<p><strong>\u00a0 \u00a0 L<\/strong>a\u00a0<strong>C\u00e1mara de Diputados<\/strong> aprob\u00f3 ayer jueves por amplia mayor\u00eda, un proyecto para declarar <strong>D\u00eda de Duelo Nacional el 18 de julio<\/strong>, en homenaje a las v\u00edctimas del atentado contra la\u00a0<strong>AMIA<\/strong>, en una sesi\u00f3n donde hubo<strong>\u00a0170 votos a favor, 3 negativos y 6 abstenciones<\/strong>.<\/p>\n<p>El proyecto pas\u00f3 al Senado para su sanci\u00f3n definitiva. Entre los\u00a0<strong>votos negativos<\/strong>\u00a0se encuentran los dos diputados de Libertad Avanza\u00a0<strong>Javier Milei y Victoria Villaruel\u00a0<\/strong>y el diputado del Frente de Todos (FdT)\u00a0<strong>Sergio Palazzo<\/strong>, en tanto que las abstenciones fueron de 4 diputados del Frente de Izquierda, una diputada de la CC y otra de Creo Tucum\u00e1n.<\/p>\n<p>La iniciaiva de la diputada del PRO Sabrina Ajmechet<strong>\u00a0declara el 18 de julio de cada a\u00f1o como D\u00eda de Duelo Nacional<\/strong>, en homenaje a las v\u00edctimas del atentado terrorista perpetrado el 18 de julio de 1994 en la sede de la AMIA.<\/p>\n<p>De acuerdo al texto, durante ese d\u00eda\u00a0<strong>la bandera nacional permanecer\u00e1 izada a media asta<\/strong>\u00a0en los edificios y lugares p\u00fablicos, en los que se promover\u00e1 la realizaci\u00f3n de actividades alusivas.<\/p>\n<p>Asimismo, seg\u00fan el proyecto, el Ministerio de Educaci\u00f3n, mediante el Consejo Federal de Educaci\u00f3n, en coordinaci\u00f3n con las autoridades educativas de las provincias y la Ciudad Aut\u00f3noma de Buenos Aires, dispondr\u00e1 los medios necesarios a fin de que los establecimientos primarios y secundarios de gesti\u00f3n p\u00fablica y privada, organicen y desarrollen actividades conmemorativas para dicha fecha.<\/p>\n<p><strong>El proyecto para declarar D\u00eda de Duelo Nacional: <\/strong>Seg\u00fan establece el texto<strong>, todos los 18 de julio la bandera nacional permanecer\u00e1 izada a media asta en los edificios y lugares p\u00fablicos<\/strong>, en los que se promover\u00e1 la realizaci\u00f3n de actividades alusivas a la fecha.\u00a0\u00a0<strong>(VW)<\/strong><\/p>\n","protected":false},"excerpt":{"rendered":"<p>Diputados aprob\u00f3 la declaraci\u00f3n del d\u00eda 18 de julio como duelo nacional. Durante la sesi\u00f3n, Javier Milei y Victoria Villarruel votaron en contra. \u00a0Ser\u00e1 un d\u00eda h\u00e1bil con normalidad pero a la vez, ser\u00e1&#46;&#46;&#46;<\/p>\n","protected":false},"author":4,"featured_media":11128,"comment_status":"closed","ping_status":"closed","sticky":false,"template":"","format":"standard","meta":{"_monsterinsights_skip_tracking":false,"_monsterinsights_sitenote_active":false,"_monsterinsights_sitenote_note":"","_monsterinsights_sitenote_category":0,"footnotes":""},"categories":[4,5],"tags":[4621,4620,143],"class_list":["post-11127","post","type-post","status-publish","format-standard","has-post-thumbnail","hentry","category-politica","category-sociedad","tag-amia","tag-dia-de-duelo-nacional","tag-diputados"],"_links":{"self":[{"href":"https:\/\/www.visionweb.com.ar\/index.php?rest_route=\/wp\/v2\/posts\/11127","targetHints":{"allow":["GET"]}}],"collection":[{"href":"https:\/\/www.visionweb.com.ar\/index.php?rest_route=\/wp\/v2\/posts"}],"about":[{"href":"https:\/\/www.visionweb.com.ar\/index.php?rest_route=\/wp\/v2\/types\/post"}],"author":[{"embeddable":true,"href":"https:\/\/www.visionweb.com.ar\/index.php?rest_route=\/wp\/v2\/users\/4"}],"replies":[{"embeddable":true,"href":"https:\/\/www.visionweb.com.ar\/index.php?rest_route=%2Fwp%2Fv2%2Fcomments&post=11127"}],"version-history":[{"count":3,"href":"https:\/\/www.visionweb.com.ar\/index.php?rest_route=\/wp\/v2\/posts\/11127\/revisions"}],"predecessor-version":[{"id":11131,"href":"https:\/\/www.visionweb.com.ar\/index.php?rest_route=\/wp\/v2\/posts\/11127\/revisions\/11131"}],"wp:featuredmedia":[{"embeddable":true,"href":"https:\/\/www.visionweb.com.ar\/index.php?rest_route=\/wp\/v2\/media\/11128"}],"wp:attachment":[{"href":"https:\/\/www.visionweb.com.ar\/index.php?rest_route=%2Fwp%2Fv2%2Fmedia&parent=11127"}],"wp:term":[{"taxonomy":"category","embeddable":true,"href":"https:\/\/www.visionweb.com.ar\/index.php?rest_route=%2Fwp%2Fv2%2Fcategories&post=11127"},{"taxonomy":"post_tag","embeddable":true,"href":"https:\/\/www.visionweb.com.ar\/index.php?rest_route=%2Fwp%2Fv2%2Ftags&post=11127"}],"curies":[{"name":"wp","href":"https:\/\/api.w.org\/{rel}","templated":true}]}}