{"id":11124,"date":"2023-07-07T10:41:42","date_gmt":"2023-07-07T13:41:42","guid":{"rendered":"https:\/\/www.visionweb.com.ar\/?p=11124"},"modified":"2023-07-07T10:41:42","modified_gmt":"2023-07-07T13:41:42","slug":"desde-la-medianoche-continua-el-paro-de-colectivos-hoy-las-remiserias-son-las-vedettes","status":"publish","type":"post","link":"https:\/\/www.visionweb.com.ar\/?p=11124","title":{"rendered":"Desde la medianoche contin\u00faa el paro de colectivos, hoy las remiser\u00edas son las vedettes"},"content":{"rendered":"<p><em><strong>\u00a0<\/strong><strong>Innumerable cantidad de usuarios que no pueden trasladarse por el paro de colectivos en Amba y gran parte del pa\u00eds. Los remises y las empresas que operan con las apps trabajan hoy con valores excesivos por la alta demanda de autos.<\/strong><\/em><!--more--><\/p>\n<p><strong><img loading=\"lazy\" decoding=\"async\" class=\"size-full wp-image-11125 alignright\" src=\"https:\/\/www.visionweb.com.ar\/wp-content\/uploads\/2023\/07\/colectivos.png\" alt=\"\" width=\"275\" height=\"155\" \/>\u00a0 L<\/strong>a<strong> Uni\u00f3n Tranviarios Automotor (UTA) inici\u00f3 en la medianoche un cese de actividades por 24 horas a nivel nacional en los servicios de corta y media distancia de todas las empresas que \u201cincumplen el pago del aumento salarial resuelto y acordado\u201d<\/strong>\u00a0para esos sectores, y advirti\u00f3 que no permitir\u00e1 \u201cpresiones\u201d del sector patronal al Gobierno, conforme iindic\u00f3 el sindicato que encabeza Roberto Fern\u00e1ndez.<\/p>\n<p>La medida de protesta se desarrolla en el\u00a0<strong>\u00c1rea Metropolitana Buenos Aires (AMBA), la ciudad de La Plata y las provincias de, Corrientes, Entre R\u00edos, Santa Fe, Formosa y Tucum\u00e1n<\/strong>. En esos distritos \u201cse verificaron los incumplimientos en empresas y habr\u00e1 paro\u201d, asegur\u00f3 el gremio anoche.<\/p>\n<p><strong>La medida causa m\u00faltiples inconvenientes para movilizarse, no s\u00f3lo en el \u00e1mbito laboral y educativo sino tambi\u00e9n en el \u00e1rea de salud para personas que contaban hoy con un turno de atenci\u00f3n, luego de meses de espera. En esa l\u00ednea algunos usuarios buscan otras alternativas con remises o solicitud de autos mediante apps, pero encuentran mucha demora y precios elevados por la fuerte demanda.<\/strong><\/p>\n<p>Mientras tanto, en algunas escuelas no se computa la falta de los estudiantes que no puedan concurrir a clases.<\/p>\n<p>La UTA destac\u00f3 en un comunicado que \u201clos aumentos fueron acatados y cumplidos en Bah\u00eda Blanca, Catamarca, Chaco, La Rioja, C\u00f3rdoba, Comodoro Rivadavia, Jujuy, La Pampa, Mar del Plata, Mendoza, Neuqu\u00e9n, R\u00edo Negro, Rosario, Salta, San Juan, San Luis, San Nicol\u00e1s de los Arroyos, Santa Cruz, Santiago del Estero y Trelew, por lo que el transporte y servicio de pasajeros est\u00e1 all\u00ed garantizado y ser\u00e1 normal\u201d, puntualiz\u00f3.<\/p>\n<p>\u201cLa UTA no permitir\u00e1 a los grupos monop\u00f3licos que pretenden ejercer presi\u00f3n sobre las autoridades nacionales para obtener mayores recursos econ\u00f3micos que generen su discusi\u00f3n en los espacios e instancias adecuadas y que utilicen a los trabajadores y usuarios como rehenes de sus pedidos sectoriales\u201d, a\u00f1adi\u00f3 la entidad sindical.<\/p>\n<p>Los dirigentes exigieron al Gobierno que haga respetar los derechos y que aplique \u201cel articulo 6 de la resoluci\u00f3n conjunta de las Secretarias de Gesti\u00f3n del Transporte y de Articulaci\u00f3n Interjurisdiccional para no perjudicar a los usuarios\u201d, y lament\u00f3 \u201cel perjuicio que genere la protesta por un peque\u00f1o grupo que responde a intereses de Dota\u201d.<\/p>\n<p><strong>En ese sentido, el gremio denunci\u00f3 que ese grupo inici\u00f3 un paro sorpresivo a partir de las 16 de ayer por \u201cmayores recursos para sus patrones\u201d, y asegur\u00f3 que \u201clos trabajadores no paran sino que retienen sus tareas para garantizar su incremento salarial\u201d.<\/strong><\/p>\n<p>Fuentes oficiales dijeron que el cese anticipado de Dota fue \u201cun lockout patronal\u201d y ratificaron que\u00a0<strong>a las empresas \u201cse les deposit\u00f3 en las \u00faltimas horas\u201d el dinero reclamado como compensaciones y para hacer frente a los aumentos salariales pactados recientemente, pero algunas \u201cest\u00e1n abonando los sueldos al valor anterior y est\u00e1n al l\u00edmite de la defraudaci\u00f3n\u201d<\/strong>.<\/p>\n<p><strong>Desde el Ministerio de Transporte que encabeza Diego Giuliano se record\u00f3 que el Estado nacional abon\u00f3 esta semana 27 mil millones de pesos a las empresas prestatarias del servicio, 6.500 millones de pesos m\u00e1s que el mes anterior.<\/strong><\/p>\n<p>Seg\u00fan Transporte, ese adelanto de dinero contempl\u00f3 la actualizaci\u00f3n de costos no salariales como combustible, neum\u00e1ticos, seguro y mantenimiento del sistema a valores de abril, y dijo que realiza un an\u00e1lisis y evaluaci\u00f3n del funcionamiento del sector, incluido el parque automotor y su operaci\u00f3n real para considerar futuras compensaciones.<\/p>\n<p><strong>Tambi\u00e9n detall\u00f3 que la mejora salarial del mes anterior tuvo que realizarse a trav\u00e9s de una resoluci\u00f3n conjunta porque el empresariado \u201cno acord\u00f3 la paritaria laboral y pretendi\u00f3 que el Estado reconociera incrementos sobre sus m\u00e1rgenes de ganancia\u201d.<\/strong><\/p>\n<p>\u201cEl Estado, responsable de aportar m\u00e1s del 80 por ciento del financiamiento del sistema de transporte automotor, que adem\u00e1s procura la eficiencia y accesibilidad del servicio p\u00fablico de transporte para los usuarios, debi\u00f3 hacerse cargo del reconocimiento de la pretensi\u00f3n salarial de los trabajadores\u201d, indicaron desde Transporte. <strong>(VW)<\/strong><\/p>\n","protected":false},"excerpt":{"rendered":"<p>\u00a0Innumerable cantidad de usuarios que no pueden trasladarse por el paro de colectivos en Amba y gran parte del pa\u00eds. Los remises y las empresas que operan con las apps trabajan hoy con valores&#46;&#46;&#46;<\/p>\n","protected":false},"author":4,"featured_media":11125,"comment_status":"closed","ping_status":"closed","sticky":false,"template":"","format":"standard","meta":{"_monsterinsights_skip_tracking":false,"_monsterinsights_sitenote_active":false,"_monsterinsights_sitenote_note":"","_monsterinsights_sitenote_category":0,"footnotes":""},"categories":[4,5],"tags":[833,2697],"class_list":["post-11124","post","type-post","status-publish","format-standard","has-post-thumbnail","hentry","category-politica","category-sociedad","tag-paro-de-colectivos","tag-uta"],"_links":{"self":[{"href":"https:\/\/www.visionweb.com.ar\/index.php?rest_route=\/wp\/v2\/posts\/11124","targetHints":{"allow":["GET"]}}],"collection":[{"href":"https:\/\/www.visionweb.com.ar\/index.php?rest_route=\/wp\/v2\/posts"}],"about":[{"href":"https:\/\/www.visionweb.com.ar\/index.php?rest_route=\/wp\/v2\/types\/post"}],"author":[{"embeddable":true,"href":"https:\/\/www.visionweb.com.ar\/index.php?rest_route=\/wp\/v2\/users\/4"}],"replies":[{"embeddable":true,"href":"https:\/\/www.visionweb.com.ar\/index.php?rest_route=%2Fwp%2Fv2%2Fcomments&post=11124"}],"version-history":[{"count":1,"href":"https:\/\/www.visionweb.com.ar\/index.php?rest_route=\/wp\/v2\/posts\/11124\/revisions"}],"predecessor-version":[{"id":11126,"href":"https:\/\/www.visionweb.com.ar\/index.php?rest_route=\/wp\/v2\/posts\/11124\/revisions\/11126"}],"wp:featuredmedia":[{"embeddable":true,"href":"https:\/\/www.visionweb.com.ar\/index.php?rest_route=\/wp\/v2\/media\/11125"}],"wp:attachment":[{"href":"https:\/\/www.visionweb.com.ar\/index.php?rest_route=%2Fwp%2Fv2%2Fmedia&parent=11124"}],"wp:term":[{"taxonomy":"category","embeddable":true,"href":"https:\/\/www.visionweb.com.ar\/index.php?rest_route=%2Fwp%2Fv2%2Fcategories&post=11124"},{"taxonomy":"post_tag","embeddable":true,"href":"https:\/\/www.visionweb.com.ar\/index.php?rest_route=%2Fwp%2Fv2%2Ftags&post=11124"}],"curies":[{"name":"wp","href":"https:\/\/api.w.org\/{rel}","templated":true}]}}