{"id":11122,"date":"2023-07-07T09:30:48","date_gmt":"2023-07-07T12:30:48","guid":{"rendered":"https:\/\/www.visionweb.com.ar\/?p=11122"},"modified":"2023-07-07T13:38:16","modified_gmt":"2023-07-07T16:38:16","slug":"la-actividad-industrial-crecio-crecio-11-interanual-en-mayo","status":"publish","type":"post","link":"https:\/\/www.visionweb.com.ar\/?p=11122","title":{"rendered":"La actividad industrial creci\u00f3 1,1% interanual en mayo,"},"content":{"rendered":"<p><em><strong>Pero baj\u00f3 con respecto a abril. 10 de los 16 rubros de la industria manufacturera presentaron subas interanuales, destac\u00f3 el Indec.<\/strong><\/em><!--more--><\/p>\n<p><strong><img loading=\"lazy\" decoding=\"async\" class=\"size-medium wp-image-1574 alignright\" src=\"https:\/\/www.visionweb.com.ar\/wp-content\/uploads\/2021\/05\/LANUS-PARQUE-INDUSTRIAL-300x199.png\" alt=\"\" width=\"300\" height=\"199\" srcset=\"https:\/\/www.visionweb.com.ar\/wp-content\/uploads\/2021\/05\/LANUS-PARQUE-INDUSTRIAL-300x199.png 300w, https:\/\/www.visionweb.com.ar\/wp-content\/uploads\/2021\/05\/LANUS-PARQUE-INDUSTRIAL-768x510.png 768w, https:\/\/www.visionweb.com.ar\/wp-content\/uploads\/2021\/05\/LANUS-PARQUE-INDUSTRIAL.png 800w\" sizes=\"auto, (max-width: 300px) 100vw, 300px\" \/>L<\/strong>a actividad industrial registr\u00f3 durante mayo un alza del 1,1% en relaci\u00f3n a igual mes del a\u00f1o pasado, mientras que el sector de la construcci\u00f3n present\u00f3 un retroceso del 2,9%, inform\u00f3 hoy el Instituto Nacional de Estad\u00edstica y Censos (Indec).<\/p>\n<p>En mayo, respecto a abril, la actividad fabril reflej\u00f3 una merma del 1,5% y la construcci\u00f3n tuvo una baja del 2,2%.<\/p>\n<p>De esta manera, el sector industrial acumul\u00f3 una suba del 2,2% en los primeros cinco meses del a\u00f1o, mientras que la construcci\u00f3n retrocedi\u00f3 1,9% frente a igual per\u00edodo de 2022.<\/p>\n<p>Durante mayo, 10 de los 16 rubros de la industria manufacturera presentaron subas interanuales, destac\u00f3 el Indec.<\/p>\n<p>En orden a su incidencia en el nivel general, se registraron alzas en \u201cIndustrias met\u00e1licas b\u00e1sicas\u201d, 9,2%; \u201cMuebles y colchones, y otras industrias manufactureras\u201d, 10,7%; \u201cSustancias y productos qu\u00edmicos\u201d, 2,1%; \u201cPrendas de vestir, cuero y calzado\u201d, 5,9%; \u201cVeh\u00edculos automotores, y autopartes\u201d, 5,%.<\/p>\n<p>Tambi\u00e9n mostraron alzas \u201cProductos de caucho y pl\u00e1stico\u201d, 3,3%; \u201cRefinaci\u00f3n del petr\u00f3leo, coque y combustible nuclear\u201d, 3,8%; \u201cProductos textiles\u201d, 4,2%; \u201cDerivados del Tabaco\u201d, 11,9%; y \u201cOtro equipo de transporte\u201d, 4,5%.<\/p>\n<p>Por el contrario, los retrocesos correspondieron a divisiones \u201cMadera, papel, edici\u00f3n e impresi\u00f3n\u201d, 4,8%; \u201cProductos minerales no met\u00e1licos\u201d, 5,3%; \u201cMaquinaria y equipo\u201d, 2,9%; \u201cOtros equipos, aparatos e instrumentos\u201d, 4 %; y \u201cProductos de metal\u201d, 0,9%. Asimismo, \u201cAlimentos y bebidas\u201d mostr\u00f3 una disminuci\u00f3n cercana a cero<strong>(VW)<\/strong>.<\/p>\n","protected":false},"excerpt":{"rendered":"<p>Pero baj\u00f3 con respecto a abril. 10 de los 16 rubros de la industria manufacturera presentaron subas interanuales, destac\u00f3 el Indec.<\/p>\n","protected":false},"author":3,"featured_media":1574,"comment_status":"closed","ping_status":"closed","sticky":false,"template":"","format":"standard","meta":{"_monsterinsights_skip_tracking":false,"_monsterinsights_sitenote_active":false,"_monsterinsights_sitenote_note":"","_monsterinsights_sitenote_category":0,"footnotes":""},"categories":[6,749],"tags":[],"class_list":["post-11122","post","type-post","status-publish","format-standard","has-post-thumbnail","hentry","category-economia","category-pymes"],"_links":{"self":[{"href":"https:\/\/www.visionweb.com.ar\/index.php?rest_route=\/wp\/v2\/posts\/11122","targetHints":{"allow":["GET"]}}],"collection":[{"href":"https:\/\/www.visionweb.com.ar\/index.php?rest_route=\/wp\/v2\/posts"}],"about":[{"href":"https:\/\/www.visionweb.com.ar\/index.php?rest_route=\/wp\/v2\/types\/post"}],"author":[{"embeddable":true,"href":"https:\/\/www.visionweb.com.ar\/index.php?rest_route=\/wp\/v2\/users\/3"}],"replies":[{"embeddable":true,"href":"https:\/\/www.visionweb.com.ar\/index.php?rest_route=%2Fwp%2Fv2%2Fcomments&post=11122"}],"version-history":[{"count":2,"href":"https:\/\/www.visionweb.com.ar\/index.php?rest_route=\/wp\/v2\/posts\/11122\/revisions"}],"predecessor-version":[{"id":11133,"href":"https:\/\/www.visionweb.com.ar\/index.php?rest_route=\/wp\/v2\/posts\/11122\/revisions\/11133"}],"wp:featuredmedia":[{"embeddable":true,"href":"https:\/\/www.visionweb.com.ar\/index.php?rest_route=\/wp\/v2\/media\/1574"}],"wp:attachment":[{"href":"https:\/\/www.visionweb.com.ar\/index.php?rest_route=%2Fwp%2Fv2%2Fmedia&parent=11122"}],"wp:term":[{"taxonomy":"category","embeddable":true,"href":"https:\/\/www.visionweb.com.ar\/index.php?rest_route=%2Fwp%2Fv2%2Fcategories&post=11122"},{"taxonomy":"post_tag","embeddable":true,"href":"https:\/\/www.visionweb.com.ar\/index.php?rest_route=%2Fwp%2Fv2%2Ftags&post=11122"}],"curies":[{"name":"wp","href":"https:\/\/api.w.org\/{rel}","templated":true}]}}